{"id":2389,"date":"2018-05-28T21:15:06","date_gmt":"2018-05-28T19:15:06","guid":{"rendered":"http:\/\/grzegorznieradka.pl\/?p=2389"},"modified":"2018-06-17T16:05:29","modified_gmt":"2018-06-17T14:05:29","slug":"2389","status":"publish","type":"post","link":"https:\/\/grzegorznieradka.pl\/index.php\/2018\/05\/28\/2389\/","title":{"rendered":"O\u015bwiadczenie Przewodnicz\u0105cego Forum M\u0142odych PiS Okr\u0119gu 22"},"content":{"rendered":"<p style=\"text-align: center;\">Przewodnicz\u0105cy Forum M\u0142odych Prawa i Sprawiedliwo\u015bci Okr\u0119g nr 22 KROSNO<\/p>\n<p style=\"text-align: center;\">Biuro Prawa i Sprawiedliwo\u015bci ul. Tkacka 2a, 38-400 Krosno<\/p>\n<p style=\"text-align: center;\">Krosno, 25 maja 2018 r.<\/p>\n<p style=\"text-align: center;\"><strong>\u00a0<\/strong><strong><em>O\u015aWIADCZENIE <\/em><\/strong><\/p>\n<p style=\"text-align: justify;\">Z wielkim niepokojem obserwujemy dzia\u0142ania w\u0142adz miasta Krosna, kt\u00f3re przyst\u0105pi\u0142y do remontu kamienicy przy ul. Portiusa, w kt\u00f3rej podczas II wojny \u015bwiatowej urz\u0119dowa\u0142o gestapo, a po zainstalowaniu systemu komunistycznego w Polsce, w\u0142adze Powiatowego Urz\u0119du Bezpiecze\u0144stwa Publicznego. Obecnie kamienica przystosowywana jest na Biuro Wystaw Artystycznych. Nie by\u0142oby w tym nic niepokoj\u0105cego, gdyby nie fakt, \u017ce w piwnicach tego budynku przetrzymywano i torturowano m.in. \u017co\u0142nierzy polskiego podziemia niepodleg\u0142o\u015bciowego, a remont zak\u0142ada zainstalowanie w celach wi\u0119ziennych dawnej katowni UB silnika d\u017awigu osobowego.<\/p>\n<p style=\"text-align: justify;\">\u015aladem tragicznych wydarze\u0144 rozgrywaj\u0105cych si\u0119 w piwnicach kro\u015bnie\u0144skiego PUBP s\u0105 pozostawione na \u015bcianach napisy, kt\u00f3re zosta\u0142y wyryte przez wi\u0119zionych bohater\u00f3w. Do dzi\u015b mo\u017cna dostrzec tam nazwiska, daty i symbole religijne b\u0119d\u0105ce ostatni\u0105 wiadomo\u015bci\u0105, jak\u0105 przed \u015bmierci\u0105 chcieli pozostawi\u0107 \u015bwiatu. Te bezcenne \u015blady m\u0119cze\u0144stwa Polak\u00f3w zosta\u0142y odkryte dopiero w latach 90-tych ubieg\u0142ego wieku. Nie przeszkodzi\u0142o to jednak w urz\u0105dzeniu w jednej z cel \u015bmierci\u2026 kot\u0142owni. W ten spos\u00f3b bezpowrotnie utracone zosta\u0142y napisy i rysunki (\u201eMonstrancja\u201d i \u201eSerce Jezusowe\u201d) wykonane tam przez bohaterskiego kap\u0142ana, ks. Jana Zawrzyckiego, zwi\u0105zanego z Armi\u0105 Krajow\u0105, wi\u0119zionego w czasach stalinowskich i nosz\u0105cego po\u015bmiertnie tytu\u0142 Sprawiedliwego w\u015br\u00f3d Narod\u00f3w \u015awiata.<\/p>\n<p style=\"text-align: justify;\">Dzi\u015b, gdy poziom \u015bwiadomo\u015bci spo\u0142ecznej na temat czas\u00f3w komunistycznego terroru jest znacznie wy\u017cszy, a upowszechnianie wiedzy na temat \u017bo\u0142nierzy Wykl\u0119tych prze\u017cywa swoisty renesans, mieszka\u0144cy Krosna przegrywaj\u0105 walk\u0119 o zachowanie unikalnych \u015blad\u00f3w mrocznych czas\u00f3w komunizmu. Ponad wszystko bulwersuj\u0105cy jest jednak fakt, \u017ce miejsce u\u015bwi\u0119cone m\u0119cze\u0144sk\u0105 krwi\u0105 naszych rodak\u00f3w stanowi w\u0142asno\u015b\u0107 publiczn\u0105, a mimo to Kro\u015bnianie w \u017caden spos\u00f3b nie mog\u0105 wymusi\u0107 na w\u0142adzach zaprzestania prowadzonych prac remontowych mog\u0105cych spowodowa\u0107 utrat\u0119 historycznego dziedzictwa. Wyraz sprzeciwu wobec zamiar\u00f3w Prezydenta Krosna wyrazi\u0142o szereg \u015brodowisk ko\u015bcielnych i patriotycznych.<\/p>\n<p style=\"text-align: justify;\">W zwi\u0105zku z powy\u017cszym zwr\u00f3cili\u015bmy si\u0119 do Ministra Kultury i Dziedzictwa Narodowego z wnioskiem o przeanalizowanie decyzji Podkarpackiego Wojew\u00f3dzkiego Konserwatora Zabytk\u00f3w, kt\u00f3ry wyrazi\u0142 zgod\u0119 na prowadzenie prac remontowych. O sprawie poinformowali\u015bmy r\u00f3wnie\u017c Marsza\u0142ka Sejmu Rzeczypospolitej Polskiej oraz Ministra Spraw Wewn\u0119trznych i Administracji prosz\u0105c o wsparcie naszych stara\u0144 maj\u0105cych na celu zabezpieczenie \u015blad\u00f3w historii obecnych w budynku dawnej katowni UB w Kro\u015bnie.<\/p>\n<p style=\"text-align: right;\"><em>Grzegorz Nieradka<\/em><\/p>\n","protected":false},"excerpt":{"rendered":"<p>Przewodnicz\u0105cy Forum M\u0142odych Prawa i Sprawiedliwo\u015bci Okr\u0119g nr 22 KROSNO Biuro Prawa i Sprawiedliwo\u015bci ul. Tkacka 2a, 38-400 Krosno Krosno, &#8230;<\/p>\n","protected":false},"author":2,"featured_media":2391,"comment_status":"closed","ping_status":"open","sticky":false,"template":"","format":"standard","meta":[],"categories":[72,71],"tags":[39,383,384],"_links":{"self":[{"href":"https:\/\/grzegorznieradka.pl\/index.php\/wp-json\/wp\/v2\/posts\/2389"}],"collection":[{"href":"https:\/\/grzegorznieradka.pl\/index.php\/wp-json\/wp\/v2\/posts"}],"about":[{"href":"https:\/\/grzegorznieradka.pl\/index.php\/wp-json\/wp\/v2\/types\/post"}],"author":[{"embeddable":true,"href":"https:\/\/grzegorznieradka.pl\/index.php\/wp-json\/wp\/v2\/users\/2"}],"replies":[{"embeddable":true,"href":"https:\/\/grzegorznieradka.pl\/index.php\/wp-json\/wp\/v2\/comments?post=2389"}],"version-history":[{"count":2,"href":"https:\/\/grzegorznieradka.pl\/index.php\/wp-json\/wp\/v2\/posts\/2389\/revisions"}],"predecessor-version":[{"id":2394,"href":"https:\/\/grzegorznieradka.pl\/index.php\/wp-json\/wp\/v2\/posts\/2389\/revisions\/2394"}],"wp:featuredmedia":[{"embeddable":true,"href":"https:\/\/grzegorznieradka.pl\/index.php\/wp-json\/wp\/v2\/media\/2391"}],"wp:attachment":[{"href":"https:\/\/grzegorznieradka.pl\/index.php\/wp-json\/wp\/v2\/media?parent=2389"}],"wp:term":[{"taxonomy":"category","embeddable":true,"href":"https:\/\/grzegorznieradka.pl\/index.php\/wp-json\/wp\/v2\/categories?post=2389"},{"taxonomy":"post_tag","embeddable":true,"href":"https:\/\/grzegorznieradka.pl\/index.php\/wp-json\/wp\/v2\/tags?post=2389"}],"curies":[{"name":"wp","href":"https:\/\/api.w.org\/{rel}","templated":true}]}}