{"id":2395,"date":"2018-06-17T18:00:40","date_gmt":"2018-06-17T16:00:40","guid":{"rendered":"http:\/\/grzegorznieradka.pl\/?p=2395"},"modified":"2018-06-17T18:12:57","modified_gmt":"2018-06-17T16:12:57","slug":"konkursy-dla-uczczenia-100-rocznicy-odzyskania-przez-polske-niepodleglosci","status":"publish","type":"post","link":"https:\/\/grzegorznieradka.pl\/index.php\/2018\/06\/17\/konkursy-dla-uczczenia-100-rocznicy-odzyskania-przez-polske-niepodleglosci\/","title":{"rendered":"Ruszy\u0142y konkursy dla uczczenia 100. rocznicy odzyskania przez Polsk\u0119 niepodleg\u0142o\u015bci"},"content":{"rendered":"<p style=\"text-align: justify;\">Rusza III edycja konkursu \u201eWarto by\u0107 Polakiem\u201d po\u015bwi\u0119conego pami\u0119ci Prezydenta Rzeczypospolitej Polskiej, prof. Lecha Kaczy\u0144skiego. Tematem przewodnim edycji jest \u201eDzia\u0142alno\u015b\u0107 spo\u0142eczna i polityczna oraz rola Prezydenta Lecha Kaczy\u0144skiego w odbudowie niepodleg\u0142ej Polski\u201d. R\u00f3wnolegle odbywa si\u0119 tak\u017ce VI edycja konkursu \u201eM\u0142ody cz\u0142owiek pami\u0119ta o bohaterach\u201d. Patronat Honorowy nad konkursami wiedzy obj\u0105\u0142 Marsza\u0142ek Sejmu Rzeczypospolitej Polskiej Marek Kuchci\u0144ski. G\u0142\u00f3wn\u0105 nagrod\u0105 w konkursach jest wycieczka do Brukseli ufundowana przez Pos\u0142a do Parlamentu Europejskiego Tomasza Por\u0119b\u0119.<\/p>\n<p style=\"text-align: justify;\">Z ko\u0144cem maja br. zaproszenia do udzia\u0142u w konkursach, wraz z niezb\u0119dnymi informacjami i regulaminami, zosta\u0142y przes\u0142ane do szk\u00f3\u0142 z terenu wojew\u00f3dztwa podkarpackiego. Jak podaj\u0105 organizatorzy, konkursy przeznaczone s\u0105 dla uczni\u00f3w szk\u00f3\u0142 podstawowych (od klasy VI w bie\u017c\u0105cym roku szkolnym oraz dla II i III klasy gimnazjalnej), dla uczni\u00f3w szk\u00f3\u0142 \u015brednich oraz student\u00f3w.<\/p>\n<p style=\"text-align: justify;\">W dw\u00f3ch poprzednich edycjach konkursu \u201eWarto by\u0107 Polakiem\u201d uczniowie mierzyli si\u0119 z interpretacj\u0105 wybranych s\u0142\u00f3w \u015bp. Lecha Kaczy\u0144skiego z czas\u00f3w jego prezydentury. Obecnie mog\u0105 wybra\u0107 jeden z pi\u0119ciu temat\u00f3w i opracowa\u0107 go w formie pracy o charakterze literackim, plastycznym, fotograficznym, multimedialnym.<\/p>\n<p style=\"text-align: justify;\">&#8211; Formu\u0142a prac jest na tyle szeroka, \u017ce ka\u017cda forma zostanie przez komisj\u0119 oceniona. Nie zamierzamy ogranicza\u0107 uczestnik\u00f3w, liczy si\u0119 pomys\u0142owo\u015b\u0107 i oryginalno\u015b\u0107, ale tak\u017ce wiedza \u2013 m\u00f3wi Grzegorz Nieradka, organizator konkursu \u201eWarto by\u0107 Polakiem\u201d.<\/p>\n<p style=\"text-align: justify;\">Tematy prac zamieszczone zosta\u0142y w Regulaminie konkursu. S\u0105 one nast\u0119puj\u0105ce:<\/p>\n<ol style=\"text-align: justify;\">\n<li>Dzia\u0142alno\u015b\u0107 Lecha Kaczy\u0144skiego w opozycji antykomunistycznej.<\/li>\n<li>NSZZ \u201eSolidarno\u015b\u0107\u201d, Prezydent Lech Kaczy\u0144ski, \u015awi\u0119ty Jan Pawe\u0142 II \u2013 wsp\u00f3lna rola w odbudowie Polski po 1989 roku.<\/li>\n<li>Prezydent Lech Kaczy\u0144ski jako lider pa\u0144stw Europy \u015arodkowej i Wschodniej.<\/li>\n<li>Polityka historyczna Prezydenta Lecha Kaczy\u0144skiego.<\/li>\n<li>\u017byciowa postawa Prezydenta Lecha Kaczy\u0144skiego. Czy warto by\u0107 wiernym do ko\u0144ca?<\/li>\n<\/ol>\n<p style=\"text-align: justify;\">Organizatorzy wskazuj\u0105 tak\u017ce cele, jakie przy\u015bwiecaj\u0105 im podczas organizacji konkursu. Najwa\u017cniejsze z nich do zainteresowanie uczni\u00f3w najnowsz\u0105 histori\u0105 Polski, kszta\u0142towanie postaw obywatelskich w duchu patriotyzmu oraz przybli\u017cenie dzia\u0142alno\u015b\u0107 Prezydenta Lecha Kaczy\u0144skiego.<\/p>\n<p style=\"text-align: justify;\">Konkurs \u201eM\u0142ody cz\u0142owiek pami\u0119ta o bohaterach\u201d organizowany jest ju\u017c po raz sz\u00f3sty. Tutaj w\u015br\u00f3d temat\u00f3w r\u00f3wnie\u017c znalaz\u0142o si\u0119 pi\u0119\u0107 propozycji.<\/p>\n<ol style=\"text-align: justify;\">\n<li>Konfederacja barska \u2013 w obronie wiary katolickiej i Rzeczypospolitej.<\/li>\n<li>Powstanie styczniowe \u2013 najwi\u0119ksze polskie powstanie narodowe.<\/li>\n<li>Tw\u00f3rcy niepodleg\u0142ej Polski \u2013 opis jednej postaci.<\/li>\n<li>Zbrodnia wo\u0142y\u0144ska \u2013 nie o zemst\u0119 lecz o pami\u0119\u0107 wo\u0142aj\u0105 ofiary.<\/li>\n<li>Rotmistrz Witold Pilecki \u2013 heroiczny bohater.<\/li>\n<\/ol>\n<p style=\"text-align: justify;\">Wyb\u00f3r temat\u00f3w nie by\u0142 przypadkowy. W spos\u00f3b oczywisty nawi\u0105zuj\u0105 one do takich rocznic jak 250. rocznica zwi\u0105zania konfederacji barskiej, 155. rocznica wybuchu powstania styczniowego czy 100. rocznica odzyskania przez Polsk\u0119 niepodleg\u0142o\u015bci.<\/p>\n<p style=\"text-align: justify;\">To w\u0142a\u015bnie sto lat polskiej niepodleg\u0142o\u015bci, kt\u00f3re wszyscy Polacy b\u0119d\u0105 prze\u017cywa\u0107 w spos\u00f3b szczeg\u00f3lny 11 listopada, a kt\u00f3re czczone s\u0105 przez ca\u0142y rok 2018 sta\u0142o si\u0119 inspiracj\u0105 dla trzech m\u0142odych radnych do wsp\u00f3lnego og\u0142oszenia konkurs\u00f3w wiedzy, aby w ten spos\u00f3b uczniowie i studenci mogli pog\u0142\u0119bi\u0107 i rozszerzy\u0107 swoje wiadomo\u015bci z historii Polski, tak\u017ce tej najnowszej.<\/p>\n<p style=\"text-align: justify;\">Organizatorami konkurs\u00f3w s\u0105 trzej radni z podkarpackich miast: Grzegorz Nieradka z Iwonicza-Zdroju, Piotr Kozak z Jaros\u0142awia i Maciej Kami\u0144ski z Przemy\u015bla.<\/p>\n<p style=\"text-align: justify;\">&#8211; Znamy si\u0119 od wielu lat, spotykamy si\u0119 na wielu uroczysto\u015bciach czy spotkaniach. Do tej pory jednak ka\u017cdy z nas realizowa\u0142 swoj\u0105 spo\u0142eczn\u0105 dzia\u0142alno\u015b\u0107 na obszarze swego miasta czy powiatu. W tym wyj\u0105tkowym roku, jubileuszu 100-lecia odzyskania przez Polsk\u0119 niepodleg\u0142o\u015bci, postanowili\u015bmy po\u0142\u0105czy\u0107 si\u0142y i zorganizowa\u0107 co\u015b razem w skali ca\u0142ego wojew\u00f3dztwa podkarpackiego, to du\u017ce wyzwanie \u2013 m\u00f3wi radny Grzegorz Nieradka.<\/p>\n<p style=\"text-align: justify;\">Konkursy wiedzy og\u0142oszone zosta\u0142y pod koniec maja. Termin nadsy\u0142ania prac up\u0142ywa z dniem 14 wrze\u015bnia. Rozdanie nagr\u00f3d dla laureat\u00f3w odb\u0119dzie si\u0119 w Wojew\u00f3dzkim Domu Kultury w Rzeszowie 28 wrze\u015bnia. W ich ufundowanie w\u0142\u0105czy\u0142a si\u0119 Kancelaria Prezydenta RP, Kancelaria Sejmu RP, Ministerstwo Obrony Narodowej, Ministerstwo Spraw Wewn\u0119trznych i Administracji oraz Ministerstwo Edukacji Narodowej. Organizator\u00f3w aktywnie wspiera r\u00f3wnie\u017c wiceprzewodnicz\u0105cy Komisji Krajowej NSZZ \u201eSolidarno\u015b\u0107\u201d Tadeusz Majchrowicz oraz zwi\u0105zkowcy \u201eSolidarno\u015bci\u201d z ca\u0142ego wojew\u00f3dztwa podkarpackiego. Nagrody rzeczowe przekaza\u0142o r\u00f3wnie\u017c Wydawnictwo \u201eBia\u0142y Kruk\u201d i Wydawnictwo ARCANA. W\u015br\u00f3d nagr\u00f3d, opr\u00f3cz wspomnianej wycieczki do Brukseli, znajduj\u0105 si\u0119 tablety, eleganckie pi\u00f3ra i d\u0142ugopisy, pi\u0119knie wydane albumy, cenne ksi\u0105\u017cki i gry edukacyjne oraz praktyczne gad\u017cety.<\/p>\n<p style=\"text-align: justify;\"><a href=\"http:\/\/grzegorznieradka.pl\/index.php\/warto-byc-polakiem\/\">Regulaminy konkurs\u00f3w. Kliknij!<\/a><\/p>\n","protected":false},"excerpt":{"rendered":"<p>Rusza III edycja konkursu \u201eWarto by\u0107 Polakiem\u201d po\u015bwi\u0119conego pami\u0119ci Prezydenta Rzeczypospolitej Polskiej, prof. Lecha Kaczy\u0144skiego. Tematem przewodnim edycji jest \u201eDzia\u0142alno\u015b\u0107 &#8230;<\/p>\n","protected":false},"author":2,"featured_media":2396,"comment_status":"closed","ping_status":"open","sticky":false,"template":"","format":"standard","meta":[],"categories":[73,72,71],"tags":[281,39,386,385],"_links":{"self":[{"href":"https:\/\/grzegorznieradka.pl\/index.php\/wp-json\/wp\/v2\/posts\/2395"}],"collection":[{"href":"https:\/\/grzegorznieradka.pl\/index.php\/wp-json\/wp\/v2\/posts"}],"about":[{"href":"https:\/\/grzegorznieradka.pl\/index.php\/wp-json\/wp\/v2\/types\/post"}],"author":[{"embeddable":true,"href":"https:\/\/grzegorznieradka.pl\/index.php\/wp-json\/wp\/v2\/users\/2"}],"replies":[{"embeddable":true,"href":"https:\/\/grzegorznieradka.pl\/index.php\/wp-json\/wp\/v2\/comments?post=2395"}],"version-history":[{"count":3,"href":"https:\/\/grzegorznieradka.pl\/index.php\/wp-json\/wp\/v2\/posts\/2395\/revisions"}],"predecessor-version":[{"id":2404,"href":"https:\/\/grzegorznieradka.pl\/index.php\/wp-json\/wp\/v2\/posts\/2395\/revisions\/2404"}],"wp:featuredmedia":[{"embeddable":true,"href":"https:\/\/grzegorznieradka.pl\/index.php\/wp-json\/wp\/v2\/media\/2396"}],"wp:attachment":[{"href":"https:\/\/grzegorznieradka.pl\/index.php\/wp-json\/wp\/v2\/media?parent=2395"}],"wp:term":[{"taxonomy":"category","embeddable":true,"href":"https:\/\/grzegorznieradka.pl\/index.php\/wp-json\/wp\/v2\/categories?post=2395"},{"taxonomy":"post_tag","embeddable":true,"href":"https:\/\/grzegorznieradka.pl\/index.php\/wp-json\/wp\/v2\/tags?post=2395"}],"curies":[{"name":"wp","href":"https:\/\/api.w.org\/{rel}","templated":true}]}}