{"id":2507,"date":"2018-12-13T20:38:32","date_gmt":"2018-12-13T19:38:32","guid":{"rendered":"http:\/\/grzegorznieradka.pl\/?p=2507"},"modified":"2018-12-13T20:38:32","modified_gmt":"2018-12-13T19:38:32","slug":"marszalek-sejmu-rp-marek-kuchcinski-w-iwoniczu-zdroju","status":"publish","type":"post","link":"https:\/\/grzegorznieradka.pl\/index.php\/2018\/12\/13\/marszalek-sejmu-rp-marek-kuchcinski-w-iwoniczu-zdroju\/","title":{"rendered":"Marsza\u0142ek Sejmu RP Marek Kuchci\u0144ski w Iwoniczu-Zdroju"},"content":{"rendered":"<p style=\"text-align: justify;\">W roku 100-lecia odzyskania przez Polsk\u0119 Niepodleg\u0142o\u015bci, na zaproszenie Grzegorza Nieradki dnia 12 pa\u017adziernika 2018 roku do Iwonicza-Zdroju przyby\u0142 Marsza\u0142ek Sejmu RP Mare Kuchci\u0144ski oraz Minister Wies\u0142aw \u0141yszczek &#8211; G\u0142\u00f3wny Inspektor Pracy.<\/p>\n<p style=\"text-align: justify;\">Jako pierwszy przemawia\u0142 Grzegorz Nieradka, kt\u00f3ry powita\u0142 uczestnik\u00f3w. Nast\u0119pnie przemawiali: J\u00f3zef Sowi\u0144ski, Marsza\u0142ek Marek Kuchci\u0144ski i Minister Wies\u0142aw \u0141yszczek.<\/p>\n<p style=\"text-align: justify;\">Podczas spotkania om\u00f3wione zosta\u0142y dokonania polskiego Rz\u0105du na tle wielkich inicjatyw gospodarczych rodz\u0105cej si\u0119 100 lat temu Polski.<\/p>\n<p><a href=\"http:\/\/grzegorznieradka.pl\/wp-content\/uploads\/2018\/12\/MK1.jpg\"><img decoding=\"async\" loading=\"lazy\" class=\"alignnone size-full wp-image-2509\" src=\"http:\/\/grzegorznieradka.pl\/wp-content\/uploads\/2018\/12\/MK1.jpg\" alt=\"MK1\" width=\"960\" height=\"640\" srcset=\"https:\/\/grzegorznieradka.pl\/wp-content\/uploads\/2018\/12\/MK1.jpg 960w, https:\/\/grzegorznieradka.pl\/wp-content\/uploads\/2018\/12\/MK1-300x200.jpg 300w, https:\/\/grzegorznieradka.pl\/wp-content\/uploads\/2018\/12\/MK1-768x512.jpg 768w\" sizes=\"(max-width: 960px) 100vw, 960px\" \/><\/a><\/p>\n<p><a href=\"http:\/\/grzegorznieradka.pl\/wp-content\/uploads\/2018\/12\/MK2.jpg\"><img decoding=\"async\" loading=\"lazy\" class=\"alignnone size-full wp-image-2510\" src=\"http:\/\/grzegorznieradka.pl\/wp-content\/uploads\/2018\/12\/MK2.jpg\" alt=\"MK2\" width=\"960\" height=\"640\" srcset=\"https:\/\/grzegorznieradka.pl\/wp-content\/uploads\/2018\/12\/MK2.jpg 960w, https:\/\/grzegorznieradka.pl\/wp-content\/uploads\/2018\/12\/MK2-300x200.jpg 300w, https:\/\/grzegorznieradka.pl\/wp-content\/uploads\/2018\/12\/MK2-768x512.jpg 768w\" sizes=\"(max-width: 960px) 100vw, 960px\" \/><\/a><\/p>\n<p><a href=\"http:\/\/grzegorznieradka.pl\/wp-content\/uploads\/2018\/12\/MK3.jpg\"><img decoding=\"async\" loading=\"lazy\" class=\"alignnone size-full wp-image-2511\" src=\"http:\/\/grzegorznieradka.pl\/wp-content\/uploads\/2018\/12\/MK3.jpg\" alt=\"MK3\" width=\"960\" height=\"640\" srcset=\"https:\/\/grzegorznieradka.pl\/wp-content\/uploads\/2018\/12\/MK3.jpg 960w, https:\/\/grzegorznieradka.pl\/wp-content\/uploads\/2018\/12\/MK3-300x200.jpg 300w, https:\/\/grzegorznieradka.pl\/wp-content\/uploads\/2018\/12\/MK3-768x512.jpg 768w\" sizes=\"(max-width: 960px) 100vw, 960px\" \/><\/a><\/p>\n<p><a href=\"http:\/\/grzegorznieradka.pl\/wp-content\/uploads\/2018\/12\/MK4.jpg\"><img decoding=\"async\" loading=\"lazy\" class=\"alignnone size-full wp-image-2512\" src=\"http:\/\/grzegorznieradka.pl\/wp-content\/uploads\/2018\/12\/MK4.jpg\" alt=\"MK4\" width=\"960\" height=\"640\" srcset=\"https:\/\/grzegorznieradka.pl\/wp-content\/uploads\/2018\/12\/MK4.jpg 960w, https:\/\/grzegorznieradka.pl\/wp-content\/uploads\/2018\/12\/MK4-300x200.jpg 300w, https:\/\/grzegorznieradka.pl\/wp-content\/uploads\/2018\/12\/MK4-768x512.jpg 768w\" sizes=\"(max-width: 960px) 100vw, 960px\" \/><\/a><\/p>\n","protected":false},"excerpt":{"rendered":"<p>W roku 100-lecia odzyskania przez Polsk\u0119 Niepodleg\u0142o\u015bci, na zaproszenie Grzegorza Nieradki dnia 12 pa\u017adziernika 2018 roku do Iwonicza-Zdroju przyby\u0142 Marsza\u0142ek &#8230;<\/p>\n","protected":false},"author":2,"featured_media":2508,"comment_status":"closed","ping_status":"open","sticky":false,"template":"","format":"standard","meta":[],"categories":[73,72,71,401],"tags":[39,403],"_links":{"self":[{"href":"https:\/\/grzegorznieradka.pl\/index.php\/wp-json\/wp\/v2\/posts\/2507"}],"collection":[{"href":"https:\/\/grzegorznieradka.pl\/index.php\/wp-json\/wp\/v2\/posts"}],"about":[{"href":"https:\/\/grzegorznieradka.pl\/index.php\/wp-json\/wp\/v2\/types\/post"}],"author":[{"embeddable":true,"href":"https:\/\/grzegorznieradka.pl\/index.php\/wp-json\/wp\/v2\/users\/2"}],"replies":[{"embeddable":true,"href":"https:\/\/grzegorznieradka.pl\/index.php\/wp-json\/wp\/v2\/comments?post=2507"}],"version-history":[{"count":1,"href":"https:\/\/grzegorznieradka.pl\/index.php\/wp-json\/wp\/v2\/posts\/2507\/revisions"}],"predecessor-version":[{"id":2513,"href":"https:\/\/grzegorznieradka.pl\/index.php\/wp-json\/wp\/v2\/posts\/2507\/revisions\/2513"}],"wp:featuredmedia":[{"embeddable":true,"href":"https:\/\/grzegorznieradka.pl\/index.php\/wp-json\/wp\/v2\/media\/2508"}],"wp:attachment":[{"href":"https:\/\/grzegorznieradka.pl\/index.php\/wp-json\/wp\/v2\/media?parent=2507"}],"wp:term":[{"taxonomy":"category","embeddable":true,"href":"https:\/\/grzegorznieradka.pl\/index.php\/wp-json\/wp\/v2\/categories?post=2507"},{"taxonomy":"post_tag","embeddable":true,"href":"https:\/\/grzegorznieradka.pl\/index.php\/wp-json\/wp\/v2\/tags?post=2507"}],"curies":[{"name":"wp","href":"https:\/\/api.w.org\/{rel}","templated":true}]}}