{"id":2549,"date":"2018-12-14T20:24:48","date_gmt":"2018-12-14T19:24:48","guid":{"rendered":"http:\/\/grzegorznieradka.pl\/?p=2549"},"modified":"2018-12-14T20:24:48","modified_gmt":"2018-12-14T19:24:48","slug":"i-sesja-rady-powiatu-krosnienskiego-kadencji-2018-2023","status":"publish","type":"post","link":"https:\/\/grzegorznieradka.pl\/index.php\/2018\/12\/14\/i-sesja-rady-powiatu-krosnienskiego-kadencji-2018-2023\/","title":{"rendered":"I Sesja Rady Powiatu Kro\u015bnie\u0144skiego kadencji 2018-2023"},"content":{"rendered":"<p style=\"text-align: justify;\">I Sesja Rady Powiatu Kro\u015bnie\u0144skiego kadencji 2018-2023 rozpocz\u0119\u0142a si\u0119 21 listopada 2018 r. Grzegorz Nieradka, jako najm\u0142odszy samorz\u0105dowiec w historii powiatu kro\u015bnie\u0144skiego odczyta\u0142 nazwiska radnych sk\u0142adaj\u0105cych uroczyste \u015blubowanie. Nast\u0119pnie zaprzysi\u0119\u017ceni radni dokonali wyboru Prezydium Rady oraz Zarz\u0105du Powiatu.<\/p>\n<p>Fot.\u00a0<a class=\"profileLink\" href=\"https:\/\/www.facebook.com\/terazkrosno\/?__tn__=K-R&amp;eid=ARBDyZs3pF_HbmtLtLpo0o7XhOgomeDLHl1wD6YFfFE98iGHFMOaKuUzPVD2HyvBRh-wr3DqpNrbV6ox&amp;fref=mentions&amp;__xts__%5B0%5D=68.ARDS7-Wo7ngZGO3nGLxdtcN3mgFZkSrbUdlIuCZWCNvbqSwtxb5kxR-5B2uw2FsVPszm1_c6LQRHWn4E-rWO-MYaPOmdtvVxN38frhNteNOUfJSALSGyxteLv3XbrzSr2cjdqPrz-zyXq7iiXUUzCPeTFdrtdKm1CGfNRKJ8UC9sSu-aEKsqhTmpXLE9cXtIeGJs6mwSDkYpiNSQaY-DvliQN6mWFahsoTyV_pvuDNvZCVAKwpAUKxjdir6XAk1RKACo_qemH9VrP4-aoqiISb68Hkb9assv0AqWKwiDgDfX0HVMmw1YBJOo06paE2D4l8NUnC5nVL_ePCZ1993bYN8PtezZ\" data-hovercard=\"\/ajax\/hovercard\/page.php?id=326961467425079&amp;extragetparams=%7B%22__tn__%22%3A%22%2CdK-R-R%22%2C%22eid%22%3A%22ARBDyZs3pF_HbmtLtLpo0o7XhOgomeDLHl1wD6YFfFE98iGHFMOaKuUzPVD2HyvBRh-wr3DqpNrbV6ox%22%2C%22fref%22%3A%22mentions%22%7D\" data-hovercard-prefer-more-content-show=\"1\">terazKrosno.pl<\/a><\/p>\n<p>Wi\u0119cej na\u00a0<a href=\"https:\/\/l.facebook.com\/l.php?u=http%3A%2F%2Fwww.terazkrosno.pl%2F%3Ffbclid%3DIwAR39DUdEkF1KJ5f9uONItgAk_tcgNFkxCw2QtM4mHZYfrnM8mONjFa4_zro&amp;h=AT1oL4vakwIkwoKaIce-0TItkFNsL8o_du_ye-UpqKHZ5zO3XxQj-jSx9LHPh3r_aziBWVBeENHfJiEAicbqaVy4-mXGcKWvSvO5dQx94-6lfT1xW0nWg59FveINn7qryczjqGQ_E0_xbxPnLmCSY-ux76Lf6sPcHkP_qt3cmmvqyGZlfoAMWI6UoxOciJjBD3fp2t0PJWEpHnLWwvAqXam0r3rZNipG_I6-Q0HhPpr6MLmjromLEJiesq_RYiVCc_NqMw5mkR-6upabu-zrObFCGqMm_UMvdX5zi-qt81vJzl6SvoBVJNI7Zbds9JrA_69KOPP9D6cB6CQLi-ZnGWRbPyXMemkU_HV6vLezt_Bi9xcLvKF0TZqX3fMGCj3sYB3TO45gDZEvPre1kpzc5RMm3A33qMVp7XEtYdvk5kBlsLP7HWrnFwjU6j02EKZc41wC2qYGQgThv4sys7MI8NKE89JMSIUS8bheEE5rblxuGCZdHoqhlfiH97tW7Z0Fr7GfI8MzNRw-qJ-gmXtmQBk9nlqxlswYiJoNjCqfGVH1yA9sTYbacDIe_FKvXRfrN3do6jJjKaFAowxLs2gyGQId2CJPxpKJVHqHEyH2UhfFyHQS8y7J0PeVSEnd_qZ6BKNuob0\" target=\"_blank\" rel=\"noopener nofollow\" data-ft=\"{&quot;tn&quot;:&quot;-U&quot;}\" data-lynx-mode=\"async\">www.terazkrosno.pl<\/a><\/p>\n<p><a href=\"http:\/\/grzegorznieradka.pl\/wp-content\/uploads\/2018\/12\/I-sesja0.jpg\"><img decoding=\"async\" loading=\"lazy\" class=\"alignnone size-full wp-image-2552\" src=\"http:\/\/grzegorznieradka.pl\/wp-content\/uploads\/2018\/12\/I-sesja0.jpg\" alt=\"I sesja0\" width=\"687\" height=\"455\" srcset=\"https:\/\/grzegorznieradka.pl\/wp-content\/uploads\/2018\/12\/I-sesja0.jpg 687w, https:\/\/grzegorznieradka.pl\/wp-content\/uploads\/2018\/12\/I-sesja0-300x199.jpg 300w\" sizes=\"(max-width: 687px) 100vw, 687px\" \/><\/a><\/p>\n<p><a href=\"http:\/\/grzegorznieradka.pl\/wp-content\/uploads\/2018\/12\/I-sesja2.jpg\"><img decoding=\"async\" loading=\"lazy\" class=\"alignnone size-full wp-image-2553\" src=\"http:\/\/grzegorznieradka.pl\/wp-content\/uploads\/2018\/12\/I-sesja2.jpg\" alt=\"I sesja2\" width=\"687\" height=\"455\" srcset=\"https:\/\/grzegorznieradka.pl\/wp-content\/uploads\/2018\/12\/I-sesja2.jpg 687w, https:\/\/grzegorznieradka.pl\/wp-content\/uploads\/2018\/12\/I-sesja2-300x199.jpg 300w\" sizes=\"(max-width: 687px) 100vw, 687px\" \/><\/a><\/p>\n<p><a href=\"http:\/\/grzegorznieradka.pl\/wp-content\/uploads\/2018\/12\/I-sesja222.jpg\"><img decoding=\"async\" loading=\"lazy\" class=\"alignnone size-full wp-image-2554\" src=\"http:\/\/grzegorznieradka.pl\/wp-content\/uploads\/2018\/12\/I-sesja222.jpg\" alt=\"I sesja222\" width=\"729\" height=\"484\" srcset=\"https:\/\/grzegorznieradka.pl\/wp-content\/uploads\/2018\/12\/I-sesja222.jpg 729w, https:\/\/grzegorznieradka.pl\/wp-content\/uploads\/2018\/12\/I-sesja222-300x199.jpg 300w\" sizes=\"(max-width: 729px) 100vw, 729px\" \/><\/a><\/p>\n<p><a href=\"http:\/\/grzegorznieradka.pl\/wp-content\/uploads\/2018\/12\/I-sesja3.jpg\"><img decoding=\"async\" loading=\"lazy\" class=\"alignnone size-full wp-image-2555\" src=\"http:\/\/grzegorznieradka.pl\/wp-content\/uploads\/2018\/12\/I-sesja3.jpg\" alt=\"I sesja3\" width=\"729\" height=\"485\" srcset=\"https:\/\/grzegorznieradka.pl\/wp-content\/uploads\/2018\/12\/I-sesja3.jpg 729w, https:\/\/grzegorznieradka.pl\/wp-content\/uploads\/2018\/12\/I-sesja3-300x200.jpg 300w\" sizes=\"(max-width: 729px) 100vw, 729px\" \/><\/a><\/p>\n<p><a href=\"http:\/\/grzegorznieradka.pl\/wp-content\/uploads\/2018\/12\/I-sesja4.jpg\"><img decoding=\"async\" loading=\"lazy\" class=\"alignnone size-full wp-image-2556\" src=\"http:\/\/grzegorznieradka.pl\/wp-content\/uploads\/2018\/12\/I-sesja4.jpg\" alt=\"I sesja4\" width=\"727\" height=\"482\" srcset=\"https:\/\/grzegorznieradka.pl\/wp-content\/uploads\/2018\/12\/I-sesja4.jpg 727w, https:\/\/grzegorznieradka.pl\/wp-content\/uploads\/2018\/12\/I-sesja4-300x199.jpg 300w\" sizes=\"(max-width: 727px) 100vw, 727px\" \/><\/a><\/p>\n","protected":false},"excerpt":{"rendered":"<p>I Sesja Rady Powiatu Kro\u015bnie\u0144skiego kadencji 2018-2023 rozpocz\u0119\u0142a si\u0119 21 listopada 2018 r. Grzegorz Nieradka, jako najm\u0142odszy samorz\u0105dowiec w historii &#8230;<\/p>\n","protected":false},"author":2,"featured_media":2551,"comment_status":"closed","ping_status":"open","sticky":false,"template":"","format":"standard","meta":[],"categories":[73,72,401],"tags":[39,409],"_links":{"self":[{"href":"https:\/\/grzegorznieradka.pl\/index.php\/wp-json\/wp\/v2\/posts\/2549"}],"collection":[{"href":"https:\/\/grzegorznieradka.pl\/index.php\/wp-json\/wp\/v2\/posts"}],"about":[{"href":"https:\/\/grzegorznieradka.pl\/index.php\/wp-json\/wp\/v2\/types\/post"}],"author":[{"embeddable":true,"href":"https:\/\/grzegorznieradka.pl\/index.php\/wp-json\/wp\/v2\/users\/2"}],"replies":[{"embeddable":true,"href":"https:\/\/grzegorznieradka.pl\/index.php\/wp-json\/wp\/v2\/comments?post=2549"}],"version-history":[{"count":1,"href":"https:\/\/grzegorznieradka.pl\/index.php\/wp-json\/wp\/v2\/posts\/2549\/revisions"}],"predecessor-version":[{"id":2557,"href":"https:\/\/grzegorznieradka.pl\/index.php\/wp-json\/wp\/v2\/posts\/2549\/revisions\/2557"}],"wp:featuredmedia":[{"embeddable":true,"href":"https:\/\/grzegorznieradka.pl\/index.php\/wp-json\/wp\/v2\/media\/2551"}],"wp:attachment":[{"href":"https:\/\/grzegorznieradka.pl\/index.php\/wp-json\/wp\/v2\/media?parent=2549"}],"wp:term":[{"taxonomy":"category","embeddable":true,"href":"https:\/\/grzegorznieradka.pl\/index.php\/wp-json\/wp\/v2\/categories?post=2549"},{"taxonomy":"post_tag","embeddable":true,"href":"https:\/\/grzegorznieradka.pl\/index.php\/wp-json\/wp\/v2\/tags?post=2549"}],"curies":[{"name":"wp","href":"https:\/\/api.w.org\/{rel}","templated":true}]}}