{"id":2566,"date":"2018-12-15T17:55:02","date_gmt":"2018-12-15T16:55:02","guid":{"rendered":"http:\/\/grzegorznieradka.pl\/?p=2566"},"modified":"2018-12-15T17:55:02","modified_gmt":"2018-12-15T16:55:02","slug":"wreczenie-nagrody-im-haliny-krahelskiej-na-zamku-krolewskim","status":"publish","type":"post","link":"https:\/\/grzegorznieradka.pl\/index.php\/2018\/12\/15\/wreczenie-nagrody-im-haliny-krahelskiej-na-zamku-krolewskim\/","title":{"rendered":"Wr\u0119czenie Nagrody im. Haliny Krahelskiej na Zamku Kr\u00f3lewskim"},"content":{"rendered":"<p style=\"text-align: justify;\">Na Zamku Kr\u00f3lewskim w Warszawie 27 listopada 2018 r. odby\u0142a si\u0119 uroczysto\u015b\u0107 wr\u0119czenia corocznej Nagrody im. Haliny Krahelskiej oraz nagr\u00f3d w XXV edycji konkursu \u201ePracodawca \u2013 organizator pracy bezpiecznej\u201d i specjalnych wyr\u00f3\u017cnie\u0144 g\u0142\u00f3wnego inspektora pracy dla spo\u0142ecznych inspektor\u00f3w pracy.<\/p>\n<p style=\"text-align: justify;\">Podczas uroczysto\u015bci Grzegorz Nieradka odczyta\u0142 list Prezesa Prawa i Sprawiedliwo\u015bci Jaros\u0142awa Kaczy\u0144skiego\u00a0<span class=\"_5mfr\"><span class=\"_6qdm\">??\u00a0<\/span><\/span><\/p>\n<p style=\"text-align: justify;\"><a href=\"http:\/\/grzegorznieradka.pl\/wp-content\/uploads\/2018\/12\/GN2.jpg\"><img decoding=\"async\" loading=\"lazy\" class=\"alignnone size-full wp-image-2568\" src=\"http:\/\/grzegorznieradka.pl\/wp-content\/uploads\/2018\/12\/GN2.jpg\" alt=\"GN2\" width=\"700\" height=\"489\" srcset=\"https:\/\/grzegorznieradka.pl\/wp-content\/uploads\/2018\/12\/GN2.jpg 700w, https:\/\/grzegorznieradka.pl\/wp-content\/uploads\/2018\/12\/GN2-300x210.jpg 300w\" sizes=\"(max-width: 700px) 100vw, 700px\" \/><\/a><\/p>\n<p style=\"text-align: justify;\"><a href=\"http:\/\/grzegorznieradka.pl\/wp-content\/uploads\/2018\/12\/GN3.jpg\"><img decoding=\"async\" loading=\"lazy\" class=\"alignnone size-full wp-image-2569\" src=\"http:\/\/grzegorznieradka.pl\/wp-content\/uploads\/2018\/12\/GN3.jpg\" alt=\"GN3\" width=\"700\" height=\"525\" srcset=\"https:\/\/grzegorznieradka.pl\/wp-content\/uploads\/2018\/12\/GN3.jpg 700w, https:\/\/grzegorznieradka.pl\/wp-content\/uploads\/2018\/12\/GN3-300x225.jpg 300w\" sizes=\"(max-width: 700px) 100vw, 700px\" \/><\/a><\/p>\n<p style=\"text-align: justify;\">fot.\u00a0<a href=\"https:\/\/www.pip.gov.pl\/pl\/wiadomosci\/99319,wreczono-nagrody-glownego-inspektora-pracy.html\" target=\"_blank\" rel=\"noopener nofollow\" data-ft=\"{&quot;tn&quot;:&quot;-U&quot;}\" data-lynx-mode=\"async\">www.pip.gov.pl<\/a><\/p>\n","protected":false},"excerpt":{"rendered":"<p>Na Zamku Kr\u00f3lewskim w Warszawie 27 listopada 2018 r. odby\u0142a si\u0119 uroczysto\u015b\u0107 wr\u0119czenia corocznej Nagrody im. Haliny Krahelskiej oraz nagr\u00f3d &#8230;<\/p>\n","protected":false},"author":2,"featured_media":2567,"comment_status":"closed","ping_status":"open","sticky":false,"template":"","format":"standard","meta":[],"categories":[71],"tags":[39,411],"_links":{"self":[{"href":"https:\/\/grzegorznieradka.pl\/index.php\/wp-json\/wp\/v2\/posts\/2566"}],"collection":[{"href":"https:\/\/grzegorznieradka.pl\/index.php\/wp-json\/wp\/v2\/posts"}],"about":[{"href":"https:\/\/grzegorznieradka.pl\/index.php\/wp-json\/wp\/v2\/types\/post"}],"author":[{"embeddable":true,"href":"https:\/\/grzegorznieradka.pl\/index.php\/wp-json\/wp\/v2\/users\/2"}],"replies":[{"embeddable":true,"href":"https:\/\/grzegorznieradka.pl\/index.php\/wp-json\/wp\/v2\/comments?post=2566"}],"version-history":[{"count":1,"href":"https:\/\/grzegorznieradka.pl\/index.php\/wp-json\/wp\/v2\/posts\/2566\/revisions"}],"predecessor-version":[{"id":2570,"href":"https:\/\/grzegorznieradka.pl\/index.php\/wp-json\/wp\/v2\/posts\/2566\/revisions\/2570"}],"wp:featuredmedia":[{"embeddable":true,"href":"https:\/\/grzegorznieradka.pl\/index.php\/wp-json\/wp\/v2\/media\/2567"}],"wp:attachment":[{"href":"https:\/\/grzegorznieradka.pl\/index.php\/wp-json\/wp\/v2\/media?parent=2566"}],"wp:term":[{"taxonomy":"category","embeddable":true,"href":"https:\/\/grzegorznieradka.pl\/index.php\/wp-json\/wp\/v2\/categories?post=2566"},{"taxonomy":"post_tag","embeddable":true,"href":"https:\/\/grzegorznieradka.pl\/index.php\/wp-json\/wp\/v2\/tags?post=2566"}],"curies":[{"name":"wp","href":"https:\/\/api.w.org\/{rel}","templated":true}]}}