{"id":2574,"date":"2018-12-15T18:28:32","date_gmt":"2018-12-15T17:28:32","guid":{"rendered":"http:\/\/grzegorznieradka.pl\/?p=2574"},"modified":"2018-12-15T18:28:32","modified_gmt":"2018-12-15T17:28:32","slug":"otwarcie-wystawy-numizmatyczno-historycznej-w-iwoniczu-zdroju","status":"publish","type":"post","link":"https:\/\/grzegorznieradka.pl\/index.php\/2018\/12\/15\/otwarcie-wystawy-numizmatyczno-historycznej-w-iwoniczu-zdroju\/","title":{"rendered":"Otwarcie wystawy numizmatyczno-historycznej w Iwoniczu-Zdroju"},"content":{"rendered":"<p style=\"text-align: justify;\">Dnia 2 grudnia 2018 roku Stowarzyszenie Przyjaci\u00f3\u0142 Iwonicza-Zdroju zorganizowa\u0142o uroczyste otwarcie wystawy numizmatyczno-historycznej, aby upami\u0119tni\u0107 w ten spos\u00f3b 100-lecia odzyskania przez Polsk\u0119 Niepodleg\u0142o\u015bci.<\/p>\n<p style=\"text-align: justify;\">Na wystawie w ko\u015bciele pw. \u015aw. Iwona i MB Uzdrowienie Chorych zaprezentowano kilkaset eksponat\u00f3w z r\u00f3\u017cnych epok, po\u015bwi\u0119conych tematyce walk o niepodleg\u0142o\u015b\u0107. Zbiory Zbigniewa Wi\u0119cka, Janusza Habrata oraz Anny i Jacka Grocholskich podziwia\u0107 mo\u017cna do dnia 22 grudnia 2018 roku.<\/p>\n<p><a href=\"http:\/\/grzegorznieradka.pl\/wp-content\/uploads\/2018\/12\/2.jpg\"><img decoding=\"async\" loading=\"lazy\" class=\"alignnone size-full wp-image-2577\" src=\"http:\/\/grzegorznieradka.pl\/wp-content\/uploads\/2018\/12\/2.jpg\" alt=\"2\" width=\"720\" height=\"960\" srcset=\"https:\/\/grzegorznieradka.pl\/wp-content\/uploads\/2018\/12\/2.jpg 720w, https:\/\/grzegorznieradka.pl\/wp-content\/uploads\/2018\/12\/2-225x300.jpg 225w\" sizes=\"(max-width: 720px) 100vw, 720px\" \/><\/a><\/p>\n<p><a href=\"http:\/\/grzegorznieradka.pl\/wp-content\/uploads\/2018\/12\/1.jpg\"><img decoding=\"async\" loading=\"lazy\" class=\"alignnone size-full wp-image-2578\" src=\"http:\/\/grzegorznieradka.pl\/wp-content\/uploads\/2018\/12\/1.jpg\" alt=\"1\" width=\"720\" height=\"960\" srcset=\"https:\/\/grzegorznieradka.pl\/wp-content\/uploads\/2018\/12\/1.jpg 720w, https:\/\/grzegorznieradka.pl\/wp-content\/uploads\/2018\/12\/1-225x300.jpg 225w\" sizes=\"(max-width: 720px) 100vw, 720px\" \/><\/a><\/p>\n<p><a href=\"http:\/\/grzegorznieradka.pl\/wp-content\/uploads\/2018\/12\/3.jpg\"><img decoding=\"async\" loading=\"lazy\" class=\"alignnone size-full wp-image-2579\" src=\"http:\/\/grzegorznieradka.pl\/wp-content\/uploads\/2018\/12\/3.jpg\" alt=\"3\" width=\"720\" height=\"960\" srcset=\"https:\/\/grzegorznieradka.pl\/wp-content\/uploads\/2018\/12\/3.jpg 720w, https:\/\/grzegorznieradka.pl\/wp-content\/uploads\/2018\/12\/3-225x300.jpg 225w\" sizes=\"(max-width: 720px) 100vw, 720px\" \/><\/a><\/p>\n<p><a href=\"http:\/\/grzegorznieradka.pl\/wp-content\/uploads\/2018\/12\/Wystawa10.jpg\"><img decoding=\"async\" loading=\"lazy\" class=\"alignnone size-full wp-image-2575\" src=\"http:\/\/grzegorznieradka.pl\/wp-content\/uploads\/2018\/12\/Wystawa10.jpg\" alt=\"Wystawa10\" width=\"704\" height=\"960\" srcset=\"https:\/\/grzegorznieradka.pl\/wp-content\/uploads\/2018\/12\/Wystawa10.jpg 704w, https:\/\/grzegorznieradka.pl\/wp-content\/uploads\/2018\/12\/Wystawa10-220x300.jpg 220w\" sizes=\"(max-width: 704px) 100vw, 704px\" \/><\/a><\/p>\n","protected":false},"excerpt":{"rendered":"<p>Dnia 2 grudnia 2018 roku Stowarzyszenie Przyjaci\u00f3\u0142 Iwonicza-Zdroju zorganizowa\u0142o uroczyste otwarcie wystawy numizmatyczno-historycznej, aby upami\u0119tni\u0107 w ten spos\u00f3b 100-lecia odzyskania &#8230;<\/p>\n","protected":false},"author":2,"featured_media":2576,"comment_status":"closed","ping_status":"open","sticky":false,"template":"","format":"standard","meta":[],"categories":[73,72,401],"tags":[39,413],"_links":{"self":[{"href":"https:\/\/grzegorznieradka.pl\/index.php\/wp-json\/wp\/v2\/posts\/2574"}],"collection":[{"href":"https:\/\/grzegorznieradka.pl\/index.php\/wp-json\/wp\/v2\/posts"}],"about":[{"href":"https:\/\/grzegorznieradka.pl\/index.php\/wp-json\/wp\/v2\/types\/post"}],"author":[{"embeddable":true,"href":"https:\/\/grzegorznieradka.pl\/index.php\/wp-json\/wp\/v2\/users\/2"}],"replies":[{"embeddable":true,"href":"https:\/\/grzegorznieradka.pl\/index.php\/wp-json\/wp\/v2\/comments?post=2574"}],"version-history":[{"count":1,"href":"https:\/\/grzegorznieradka.pl\/index.php\/wp-json\/wp\/v2\/posts\/2574\/revisions"}],"predecessor-version":[{"id":2580,"href":"https:\/\/grzegorznieradka.pl\/index.php\/wp-json\/wp\/v2\/posts\/2574\/revisions\/2580"}],"wp:featuredmedia":[{"embeddable":true,"href":"https:\/\/grzegorznieradka.pl\/index.php\/wp-json\/wp\/v2\/media\/2576"}],"wp:attachment":[{"href":"https:\/\/grzegorznieradka.pl\/index.php\/wp-json\/wp\/v2\/media?parent=2574"}],"wp:term":[{"taxonomy":"category","embeddable":true,"href":"https:\/\/grzegorznieradka.pl\/index.php\/wp-json\/wp\/v2\/categories?post=2574"},{"taxonomy":"post_tag","embeddable":true,"href":"https:\/\/grzegorznieradka.pl\/index.php\/wp-json\/wp\/v2\/tags?post=2574"}],"curies":[{"name":"wp","href":"https:\/\/api.w.org\/{rel}","templated":true}]}}