{"id":2655,"date":"2019-08-04T21:34:00","date_gmt":"2019-08-04T19:34:00","guid":{"rendered":"http:\/\/grzegorznieradka.pl\/?p=2655"},"modified":"2020-04-04T21:37:11","modified_gmt":"2020-04-04T19:37:11","slug":"rocznica-zbrodni-w-lesie-grabinskim","status":"publish","type":"post","link":"https:\/\/grzegorznieradka.pl\/index.php\/2019\/08\/04\/rocznica-zbrodni-w-lesie-grabinskim\/","title":{"rendered":"Rocznica zbrodni w Lesie Grabi\u0144skim"},"content":{"rendered":"\n<p>Uroczyst\u0105 Msz\u0105 \u015awi\u0119t\u0105 oraz z\u0142o\u017ceniem kwiat\u00f3w pod pomnikiem zamordowanych mieszka\u0144c\u00f3w Lubatowej uczczono 75. rocznic\u0119 bestialskiego mordu dokonanego przez SS-Galizien na \u017co\u0142nierzach Armii Krajowej i Batalion\u00f3w Ch\u0142opskich w Lesie Grabi\u0144skim w Iwoniczu\u00a0<a href=\"https:\/\/www.facebook.com\/hashtag\/pami%C4%99tamy?source=feed_text&amp;epa=HASHTAG&amp;__xts__%5B0%5D=68.ARAhS6H0yNHIlHG4IOsJ7EHdPmh2cGxgyTnpsFaLGG5ctbnRED7PMqDpDBJkBbPGdumxS-23SjYAHUJMTyH1Ka5pgAYWehOfpOQPIub_jCskeIXNg1ZAxRgOAuL-MoIaWpptChn6DiOv-8tNMvi38lq2-wwUisuZvhQU4jtDQKRQnsbOEmRpjrBKw9RBBIattaNhpEjico1oGLHXd7s96C3h_zydaMR1sy80w6ZilYWPb-CXb_frs6mnGNvyvIyJE8isKwMvzEjvnjrm9c20a5A5XAfwVj1nLbbyDrMJ1jBE4NKiCi8F7hVJPAfhYBpUKbZk0FUpt0BBoxTKI-gT06pNio5o&amp;__tn__=%2ANK-R\">#Pami\u0119tamy<\/a>\u00a0?? <\/p>\n","protected":false},"excerpt":{"rendered":"<p>Uroczyst\u0105 Msz\u0105 \u015awi\u0119t\u0105 oraz z\u0142o\u017ceniem kwiat\u00f3w pod pomnikiem zamordowanych mieszka\u0144c\u00f3w Lubatowej uczczono 75. rocznic\u0119 bestialskiego mordu dokonanego przez SS-Galizien na &#8230;<\/p>\n","protected":false},"author":2,"featured_media":2656,"comment_status":"closed","ping_status":"open","sticky":false,"template":"","format":"standard","meta":[],"categories":[73,401],"tags":[39],"_links":{"self":[{"href":"https:\/\/grzegorznieradka.pl\/index.php\/wp-json\/wp\/v2\/posts\/2655"}],"collection":[{"href":"https:\/\/grzegorznieradka.pl\/index.php\/wp-json\/wp\/v2\/posts"}],"about":[{"href":"https:\/\/grzegorznieradka.pl\/index.php\/wp-json\/wp\/v2\/types\/post"}],"author":[{"embeddable":true,"href":"https:\/\/grzegorznieradka.pl\/index.php\/wp-json\/wp\/v2\/users\/2"}],"replies":[{"embeddable":true,"href":"https:\/\/grzegorznieradka.pl\/index.php\/wp-json\/wp\/v2\/comments?post=2655"}],"version-history":[{"count":1,"href":"https:\/\/grzegorznieradka.pl\/index.php\/wp-json\/wp\/v2\/posts\/2655\/revisions"}],"predecessor-version":[{"id":2657,"href":"https:\/\/grzegorznieradka.pl\/index.php\/wp-json\/wp\/v2\/posts\/2655\/revisions\/2657"}],"wp:featuredmedia":[{"embeddable":true,"href":"https:\/\/grzegorznieradka.pl\/index.php\/wp-json\/wp\/v2\/media\/2656"}],"wp:attachment":[{"href":"https:\/\/grzegorznieradka.pl\/index.php\/wp-json\/wp\/v2\/media?parent=2655"}],"wp:term":[{"taxonomy":"category","embeddable":true,"href":"https:\/\/grzegorznieradka.pl\/index.php\/wp-json\/wp\/v2\/categories?post=2655"},{"taxonomy":"post_tag","embeddable":true,"href":"https:\/\/grzegorznieradka.pl\/index.php\/wp-json\/wp\/v2\/tags?post=2655"}],"curies":[{"name":"wp","href":"https:\/\/api.w.org\/{rel}","templated":true}]}}