{"id":2661,"date":"2019-10-01T21:42:00","date_gmt":"2019-10-01T19:42:00","guid":{"rendered":"http:\/\/grzegorznieradka.pl\/?p=2661"},"modified":"2020-04-04T21:46:03","modified_gmt":"2020-04-04T19:46:03","slug":"iwonicz-zdroj-uczcil-swojego-bohatera","status":"publish","type":"post","link":"https:\/\/grzegorznieradka.pl\/index.php\/2019\/10\/01\/iwonicz-zdroj-uczcil-swojego-bohatera\/","title":{"rendered":"Iwonicz-Zdr\u00f3j uczci\u0142 swojego bohatera"},"content":{"rendered":"\n<p>Pi\u0119kna i wzruszaj\u0105ca uroczysto\u015b\u0107 patriotyczna po\u015bwi\u0119cona pami\u0119ci kpt. Eugeniusza Werensa ps. \u201ePik\u201d odby\u0142a si\u0119 w pi\u0105tek przed po\u0142udniem w Iwoniczu-Zdroju. Podczas kr\u00f3tkiego wyst\u0105pienia poprzedzaj\u0105cego ods\u0142oni\u0119cie tablicy po\u015bwi\u0119conej niez\u0142omnemu kapitanowi, wsp\u00f3\u0142tw\u00f3rcy i obro\u0144cy Rzeczypospolitej Iwonickiej, Grzegorz Nieradka zwr\u00f3ci\u0142 si\u0119 do uczestnik\u00f3w, w tym c\u00f3rki i wnuk\u00f3w bohatera ze s\u0142owami uznania dla jego postawy\u00a0??\u00a0Podzi\u0119kowa\u0142 r\u00f3wnie\u017c Pani\u00a0Halinie J\u00f3zefczyk-Habrat i Stowarzyszeniu Przyjaci\u00f3\u0142 Iwonicza-Zdroju za organizacj\u0119 tego wydarzenia.<\/p>\n","protected":false},"excerpt":{"rendered":"<p>Pi\u0119kna i wzruszaj\u0105ca uroczysto\u015b\u0107 patriotyczna po\u015bwi\u0119cona pami\u0119ci kpt. Eugeniusza Werensa ps. \u201ePik\u201d odby\u0142a si\u0119 w pi\u0105tek przed po\u0142udniem w Iwoniczu-Zdroju. &#8230;<\/p>\n","protected":false},"author":2,"featured_media":2662,"comment_status":"closed","ping_status":"open","sticky":false,"template":"","format":"standard","meta":[],"categories":[73,72,401],"tags":[39],"_links":{"self":[{"href":"https:\/\/grzegorznieradka.pl\/index.php\/wp-json\/wp\/v2\/posts\/2661"}],"collection":[{"href":"https:\/\/grzegorznieradka.pl\/index.php\/wp-json\/wp\/v2\/posts"}],"about":[{"href":"https:\/\/grzegorznieradka.pl\/index.php\/wp-json\/wp\/v2\/types\/post"}],"author":[{"embeddable":true,"href":"https:\/\/grzegorznieradka.pl\/index.php\/wp-json\/wp\/v2\/users\/2"}],"replies":[{"embeddable":true,"href":"https:\/\/grzegorznieradka.pl\/index.php\/wp-json\/wp\/v2\/comments?post=2661"}],"version-history":[{"count":1,"href":"https:\/\/grzegorznieradka.pl\/index.php\/wp-json\/wp\/v2\/posts\/2661\/revisions"}],"predecessor-version":[{"id":2663,"href":"https:\/\/grzegorznieradka.pl\/index.php\/wp-json\/wp\/v2\/posts\/2661\/revisions\/2663"}],"wp:featuredmedia":[{"embeddable":true,"href":"https:\/\/grzegorznieradka.pl\/index.php\/wp-json\/wp\/v2\/media\/2662"}],"wp:attachment":[{"href":"https:\/\/grzegorznieradka.pl\/index.php\/wp-json\/wp\/v2\/media?parent=2661"}],"wp:term":[{"taxonomy":"category","embeddable":true,"href":"https:\/\/grzegorznieradka.pl\/index.php\/wp-json\/wp\/v2\/categories?post=2661"},{"taxonomy":"post_tag","embeddable":true,"href":"https:\/\/grzegorznieradka.pl\/index.php\/wp-json\/wp\/v2\/tags?post=2661"}],"curies":[{"name":"wp","href":"https:\/\/api.w.org\/{rel}","templated":true}]}}