{"id":2664,"date":"2019-11-08T21:46:50","date_gmt":"2019-11-08T20:46:50","guid":{"rendered":"http:\/\/grzegorznieradka.pl\/?p=2664"},"modified":"2020-04-04T21:50:15","modified_gmt":"2020-04-04T19:50:15","slug":"konferencja-na-uksw","status":"publish","type":"post","link":"https:\/\/grzegorznieradka.pl\/index.php\/2019\/11\/08\/konferencja-na-uksw\/","title":{"rendered":"Konferencja na UKSW"},"content":{"rendered":"\n<p>Podczas konferencji na Uniwersytecie im. kard. Stefana Wyszy\u0144skiego w Warszawie, z okazji jubileuszu 100-lecia Pa\u0144stwowej Inspekcji Pracy pod honorowym patronatem Marsza\u0142ka Sejmu RP El\u017cbiety Witek, Grzegorz Nieradka reprezentowa\u0142 G\u0142\u00f3wnego Inspektora Pracy Pana Ministra Wies\u0142awa \u0141yszczka i wyg\u0142osi\u0142 okoliczno\u015bciowy referat\u00a0<a href=\"https:\/\/www.facebook.com\/hashtag\/pip?source=feed_text&amp;epa=HASHTAG&amp;__xts__%5B0%5D=68.ARBCENenckaousI-TgJgn65PXqfxQf1kc5kpijIEH38mHxolWLKjcrA4nlKJtq0-3BbmKPdINOJR7HU6fvNbxd8s67FK4Bq3-_Oba--2svfeXWvN_aLl1NqDurWB3iy59pZTr27KzGFCJKN_Qvfc5l1gwS8t86M1ntmbAtx0bH11kgC27JBArLkgTs301rrhK7ENdGyLaO4bupkiGpj9cl7bhyEJvNRCxF-C-VHfiA8dZ8k0FevvNnpWu2hn6NlDhNtznrmDIIsYh6kV05KdBhqJdnhOQS06YHEV9C7odNUSsAamEJN60lz6TvQMYfoyq-njcWGuFUvmKnsDzOQ1vluF7_Y6aG6OyVocknWXrSv7peCpaGsgUfIWuxNNpDno2Gpl0HdmoXioDwNOxgoHWTSlq7uCVUQBqnNxHA9cAON3E7L3efo&amp;__tn__=%2ANK-R\">#PIP<\/a>\u00a0<a href=\"https:\/\/www.facebook.com\/hashtag\/godno%C5%9B%C4%87?source=feed_text&amp;epa=HASHTAG&amp;__xts__%5B0%5D=68.ARBCENenckaousI-TgJgn65PXqfxQf1kc5kpijIEH38mHxolWLKjcrA4nlKJtq0-3BbmKPdINOJR7HU6fvNbxd8s67FK4Bq3-_Oba--2svfeXWvN_aLl1NqDurWB3iy59pZTr27KzGFCJKN_Qvfc5l1gwS8t86M1ntmbAtx0bH11kgC27JBArLkgTs301rrhK7ENdGyLaO4bupkiGpj9cl7bhyEJvNRCxF-C-VHfiA8dZ8k0FevvNnpWu2hn6NlDhNtznrmDIIsYh6kV05KdBhqJdnhOQS06YHEV9C7odNUSsAamEJN60lz6TvQMYfoyq-njcWGuFUvmKnsDzOQ1vluF7_Y6aG6OyVocknWXrSv7peCpaGsgUfIWuxNNpDno2Gpl0HdmoXioDwNOxgoHWTSlq7uCVUQBqnNxHA9cAON3E7L3efo&amp;__tn__=%2ANK-R\">#Godno\u015b\u0107<\/a>\u00a0<a href=\"https:\/\/www.facebook.com\/hashtag\/praca?source=feed_text&amp;epa=HASHTAG&amp;__xts__%5B0%5D=68.ARBCENenckaousI-TgJgn65PXqfxQf1kc5kpijIEH38mHxolWLKjcrA4nlKJtq0-3BbmKPdINOJR7HU6fvNbxd8s67FK4Bq3-_Oba--2svfeXWvN_aLl1NqDurWB3iy59pZTr27KzGFCJKN_Qvfc5l1gwS8t86M1ntmbAtx0bH11kgC27JBArLkgTs301rrhK7ENdGyLaO4bupkiGpj9cl7bhyEJvNRCxF-C-VHfiA8dZ8k0FevvNnpWu2hn6NlDhNtznrmDIIsYh6kV05KdBhqJdnhOQS06YHEV9C7odNUSsAamEJN60lz6TvQMYfoyq-njcWGuFUvmKnsDzOQ1vluF7_Y6aG6OyVocknWXrSv7peCpaGsgUfIWuxNNpDno2Gpl0HdmoXioDwNOxgoHWTSlq7uCVUQBqnNxHA9cAON3E7L3efo&amp;__tn__=%2ANK-R\">#Praca<\/a>\u00a0??<\/p>\n","protected":false},"excerpt":{"rendered":"<p>Podczas konferencji na Uniwersytecie im. kard. Stefana Wyszy\u0144skiego w Warszawie, z okazji jubileuszu 100-lecia Pa\u0144stwowej Inspekcji Pracy pod honorowym patronatem &#8230;<\/p>\n","protected":false},"author":2,"featured_media":2665,"comment_status":"closed","ping_status":"open","sticky":false,"template":"","format":"standard","meta":[],"categories":[71],"tags":[39],"_links":{"self":[{"href":"https:\/\/grzegorznieradka.pl\/index.php\/wp-json\/wp\/v2\/posts\/2664"}],"collection":[{"href":"https:\/\/grzegorznieradka.pl\/index.php\/wp-json\/wp\/v2\/posts"}],"about":[{"href":"https:\/\/grzegorznieradka.pl\/index.php\/wp-json\/wp\/v2\/types\/post"}],"author":[{"embeddable":true,"href":"https:\/\/grzegorznieradka.pl\/index.php\/wp-json\/wp\/v2\/users\/2"}],"replies":[{"embeddable":true,"href":"https:\/\/grzegorznieradka.pl\/index.php\/wp-json\/wp\/v2\/comments?post=2664"}],"version-history":[{"count":1,"href":"https:\/\/grzegorznieradka.pl\/index.php\/wp-json\/wp\/v2\/posts\/2664\/revisions"}],"predecessor-version":[{"id":2666,"href":"https:\/\/grzegorznieradka.pl\/index.php\/wp-json\/wp\/v2\/posts\/2664\/revisions\/2666"}],"wp:featuredmedia":[{"embeddable":true,"href":"https:\/\/grzegorznieradka.pl\/index.php\/wp-json\/wp\/v2\/media\/2665"}],"wp:attachment":[{"href":"https:\/\/grzegorznieradka.pl\/index.php\/wp-json\/wp\/v2\/media?parent=2664"}],"wp:term":[{"taxonomy":"category","embeddable":true,"href":"https:\/\/grzegorznieradka.pl\/index.php\/wp-json\/wp\/v2\/categories?post=2664"},{"taxonomy":"post_tag","embeddable":true,"href":"https:\/\/grzegorznieradka.pl\/index.php\/wp-json\/wp\/v2\/tags?post=2664"}],"curies":[{"name":"wp","href":"https:\/\/api.w.org\/{rel}","templated":true}]}}