{"id":2667,"date":"2019-11-28T21:51:00","date_gmt":"2019-11-28T20:51:00","guid":{"rendered":"http:\/\/grzegorznieradka.pl\/?p=2667"},"modified":"2020-04-04T21:53:06","modified_gmt":"2020-04-04T19:53:06","slug":"vii-edycja-polskiego-kongresu-przedsiebiorczosci","status":"publish","type":"post","link":"https:\/\/grzegorznieradka.pl\/index.php\/2019\/11\/28\/vii-edycja-polskiego-kongresu-przedsiebiorczosci\/","title":{"rendered":"VII edycja Polskiego Kongresu Przedsi\u0119biorczo\u015bci"},"content":{"rendered":"\n<p>W dniach 24-25 pa\u017adziernika w Olsztynie odby\u0142a si\u0119 VII edycja Polskiego Kongresu Przedsi\u0119biorczo\u015bci, w kt\u00f3rym Grzegorz Nieradka uczestniczy\u0142 w roli panelisty. Dyskutowano m.in. o technologiach w s\u0142u\u017cbie \u015brodowisku i gospodarce o obiegu zamkni\u0119tym. Partnerem merytorycznym przedsi\u0119wzi\u0119cia by\u0142a firma\u00a0<a href=\"https:\/\/www.facebook.com\/hashtag\/flukar?source=feed_text&amp;epa=HASHTAG&amp;__xts__%5B0%5D=68.ARAMp6NffhcvlAxt3KueKO2zfASYHKaz3usQX4VbQfZ-U_K7jeNr2twl_qEXejTQ5E9IH0Ig7WkV4p_C4ZLXJu9srhnvEDNYMnJZWoRjAhvkcshf77FhK-GaBbMphIpUpDHPk5-KFLTlUyPlFi7suKJviGZ_1BND56_hd_vOWWBv9VKj7k9acmLkjVnt2zA3p7GuR-K8a1MXxvACSXsll2yWYwsXh_rjBXc5XtxoPFNsR3LZMyqMXcF3Pk8kZsW1vSyLX1_BmqtQUVMbYkBivyZOu76kX52uMoqKP2a16ZhDYJeJbHFKjMG1UlRHbrVMSlL3kQyINQlXmAD5x8hWgYhvqVqvTjmIoJHtYHG3fvC14-QXye3m4ssaaTtBZW7duXQkQJH8ldxRnaQDH4t0FaKDAa8IRWIFBAQjKAKP3PEr4PY&amp;__tn__=%2ANK-R\">#FLUKAR<\/a><\/p>\n","protected":false},"excerpt":{"rendered":"<p>W dniach 24-25 pa\u017adziernika w Olsztynie odby\u0142a si\u0119 VII edycja Polskiego Kongresu Przedsi\u0119biorczo\u015bci, w kt\u00f3rym Grzegorz Nieradka uczestniczy\u0142 w roli &#8230;<\/p>\n","protected":false},"author":2,"featured_media":2668,"comment_status":"closed","ping_status":"open","sticky":false,"template":"","format":"standard","meta":[],"categories":[71],"tags":[39],"_links":{"self":[{"href":"https:\/\/grzegorznieradka.pl\/index.php\/wp-json\/wp\/v2\/posts\/2667"}],"collection":[{"href":"https:\/\/grzegorznieradka.pl\/index.php\/wp-json\/wp\/v2\/posts"}],"about":[{"href":"https:\/\/grzegorznieradka.pl\/index.php\/wp-json\/wp\/v2\/types\/post"}],"author":[{"embeddable":true,"href":"https:\/\/grzegorznieradka.pl\/index.php\/wp-json\/wp\/v2\/users\/2"}],"replies":[{"embeddable":true,"href":"https:\/\/grzegorznieradka.pl\/index.php\/wp-json\/wp\/v2\/comments?post=2667"}],"version-history":[{"count":1,"href":"https:\/\/grzegorznieradka.pl\/index.php\/wp-json\/wp\/v2\/posts\/2667\/revisions"}],"predecessor-version":[{"id":2669,"href":"https:\/\/grzegorznieradka.pl\/index.php\/wp-json\/wp\/v2\/posts\/2667\/revisions\/2669"}],"wp:featuredmedia":[{"embeddable":true,"href":"https:\/\/grzegorznieradka.pl\/index.php\/wp-json\/wp\/v2\/media\/2668"}],"wp:attachment":[{"href":"https:\/\/grzegorznieradka.pl\/index.php\/wp-json\/wp\/v2\/media?parent=2667"}],"wp:term":[{"taxonomy":"category","embeddable":true,"href":"https:\/\/grzegorznieradka.pl\/index.php\/wp-json\/wp\/v2\/categories?post=2667"},{"taxonomy":"post_tag","embeddable":true,"href":"https:\/\/grzegorznieradka.pl\/index.php\/wp-json\/wp\/v2\/tags?post=2667"}],"curies":[{"name":"wp","href":"https:\/\/api.w.org\/{rel}","templated":true}]}}