{"id":2749,"date":"2020-02-17T09:49:00","date_gmt":"2020-02-17T08:49:00","guid":{"rendered":"http:\/\/grzegorznieradka.pl\/?p=2749"},"modified":"2021-07-08T09:56:28","modified_gmt":"2021-07-08T07:56:28","slug":"wizyta-delegacji-z-uzbekistanu","status":"publish","type":"post","link":"https:\/\/grzegorznieradka.pl\/index.php\/2020\/02\/17\/wizyta-delegacji-z-uzbekistanu\/","title":{"rendered":"Wizyta delegacji z Uzbekistanu"},"content":{"rendered":"\n<p>Wizyta delegacji z Uzbekistanu, kt\u00f3rej przewodniczyli: Nozim Khusanov, Minister Zatrudnienia i Stosunk\u00f3w Pracy Republiki Uzbekistanu oraz Bakhrom Babaev, Ambasador Republiki Uzbekistanu w Polsce mia\u0142a miejsce w G\u0142\u00f3wnym Inspektoracie Pracy w Warszawie. G\u0142\u00f3wnemu Inspektorowi Pracy towarzyszy\u0142 doradca Grzegorz Nieradka. <\/p>\n","protected":false},"excerpt":{"rendered":"<p>Wizyta delegacji z Uzbekistanu, kt\u00f3rej przewodniczyli: Nozim Khusanov, Minister Zatrudnienia i Stosunk\u00f3w Pracy Republiki Uzbekistanu oraz Bakhrom Babaev, Ambasador Republiki &#8230;<\/p>\n","protected":false},"author":2,"featured_media":2750,"comment_status":"closed","ping_status":"open","sticky":false,"template":"","format":"standard","meta":[],"categories":[1],"tags":[39,424],"_links":{"self":[{"href":"https:\/\/grzegorznieradka.pl\/index.php\/wp-json\/wp\/v2\/posts\/2749"}],"collection":[{"href":"https:\/\/grzegorznieradka.pl\/index.php\/wp-json\/wp\/v2\/posts"}],"about":[{"href":"https:\/\/grzegorznieradka.pl\/index.php\/wp-json\/wp\/v2\/types\/post"}],"author":[{"embeddable":true,"href":"https:\/\/grzegorznieradka.pl\/index.php\/wp-json\/wp\/v2\/users\/2"}],"replies":[{"embeddable":true,"href":"https:\/\/grzegorznieradka.pl\/index.php\/wp-json\/wp\/v2\/comments?post=2749"}],"version-history":[{"count":1,"href":"https:\/\/grzegorznieradka.pl\/index.php\/wp-json\/wp\/v2\/posts\/2749\/revisions"}],"predecessor-version":[{"id":2751,"href":"https:\/\/grzegorznieradka.pl\/index.php\/wp-json\/wp\/v2\/posts\/2749\/revisions\/2751"}],"wp:featuredmedia":[{"embeddable":true,"href":"https:\/\/grzegorznieradka.pl\/index.php\/wp-json\/wp\/v2\/media\/2750"}],"wp:attachment":[{"href":"https:\/\/grzegorznieradka.pl\/index.php\/wp-json\/wp\/v2\/media?parent=2749"}],"wp:term":[{"taxonomy":"category","embeddable":true,"href":"https:\/\/grzegorznieradka.pl\/index.php\/wp-json\/wp\/v2\/categories?post=2749"},{"taxonomy":"post_tag","embeddable":true,"href":"https:\/\/grzegorznieradka.pl\/index.php\/wp-json\/wp\/v2\/tags?post=2749"}],"curies":[{"name":"wp","href":"https:\/\/api.w.org\/{rel}","templated":true}]}}