{"id":2788,"date":"2020-07-04T12:06:00","date_gmt":"2020-07-04T10:06:00","guid":{"rendered":"http:\/\/grzegorznieradka.pl\/?p=2788"},"modified":"2021-07-08T12:08:05","modified_gmt":"2021-07-08T10:08:05","slug":"iwonicz-zdroj-wspiera-andrzeja-dude","status":"publish","type":"post","link":"https:\/\/grzegorznieradka.pl\/index.php\/2020\/07\/04\/iwonicz-zdroj-wspiera-andrzeja-dude\/","title":{"rendered":"Iwonicz-Zdr\u00f3j wspiera Andrzeja Dud\u0119"},"content":{"rendered":"\n<p>Iwonicz-Zdr\u00f3j wspiera kandydatur\u0119 <a href=\"https:\/\/www.facebook.com\/andrzejduda\/?__cft__[0]=AZWVsV3TnmhQzm8-lVFgzVO6LFYDLXKQTaAZkPrpxsFksrIt5euMpwyyJ2rvRY34JLd4_MEWkOrtutSifjkq6x8DUdUM6Za8DL78JwlGat45AR7VHHEX0ZqcA48LH1q-F2FsFuRaC0wuIvY9y3ViSUHADDJpvhtf8kwVMczpRAfvPItoHdgsmr1wWsUSt-tJARIsLls-u0bWm2dHEJB05tQ8&amp;__tn__=kK-R\">Andrzej Duda<\/a> w wyborach prezydenckich! <img decoding=\"async\" loading=\"lazy\" width=\"16\" height=\"16\" alt=\"??\" src=\"https:\/\/static.xx.fbcdn.net\/images\/emoji.php\/v9\/t3f\/2\/16\/1f1f5_1f1f1.png\"> uzyskane 66,42% g\u0142os\u00f3w w I turze zobowi\u0105zuje do jeszcze wi\u0119kszej aktywno\u015bci <img decoding=\"async\" loading=\"lazy\" width=\"16\" height=\"16\" alt=\"\u270c\ufe0f\" src=\"https:\/\/static.xx.fbcdn.net\/images\/emoji.php\/v9\/te2\/2\/16\/270c.png\"><img decoding=\"async\" loading=\"lazy\" width=\"16\" height=\"16\" alt=\"?\" src=\"https:\/\/static.xx.fbcdn.net\/images\/emoji.php\/v9\/tf0\/2\/16\/1f603.png\"> <\/p>\n","protected":false},"excerpt":{"rendered":"<p>Iwonicz-Zdr\u00f3j wspiera kandydatur\u0119 Andrzej Duda w wyborach prezydenckich! uzyskane 66,42% g\u0142os\u00f3w w I turze zobowi\u0105zuje do jeszcze wi\u0119kszej aktywno\u015bci<\/p>\n","protected":false},"author":2,"featured_media":2790,"comment_status":"closed","ping_status":"open","sticky":false,"template":"","format":"standard","meta":[],"categories":[1],"tags":[40,39,68],"_links":{"self":[{"href":"https:\/\/grzegorznieradka.pl\/index.php\/wp-json\/wp\/v2\/posts\/2788"}],"collection":[{"href":"https:\/\/grzegorznieradka.pl\/index.php\/wp-json\/wp\/v2\/posts"}],"about":[{"href":"https:\/\/grzegorznieradka.pl\/index.php\/wp-json\/wp\/v2\/types\/post"}],"author":[{"embeddable":true,"href":"https:\/\/grzegorznieradka.pl\/index.php\/wp-json\/wp\/v2\/users\/2"}],"replies":[{"embeddable":true,"href":"https:\/\/grzegorznieradka.pl\/index.php\/wp-json\/wp\/v2\/comments?post=2788"}],"version-history":[{"count":1,"href":"https:\/\/grzegorznieradka.pl\/index.php\/wp-json\/wp\/v2\/posts\/2788\/revisions"}],"predecessor-version":[{"id":2791,"href":"https:\/\/grzegorznieradka.pl\/index.php\/wp-json\/wp\/v2\/posts\/2788\/revisions\/2791"}],"wp:featuredmedia":[{"embeddable":true,"href":"https:\/\/grzegorznieradka.pl\/index.php\/wp-json\/wp\/v2\/media\/2790"}],"wp:attachment":[{"href":"https:\/\/grzegorznieradka.pl\/index.php\/wp-json\/wp\/v2\/media?parent=2788"}],"wp:term":[{"taxonomy":"category","embeddable":true,"href":"https:\/\/grzegorznieradka.pl\/index.php\/wp-json\/wp\/v2\/categories?post=2788"},{"taxonomy":"post_tag","embeddable":true,"href":"https:\/\/grzegorznieradka.pl\/index.php\/wp-json\/wp\/v2\/tags?post=2788"}],"curies":[{"name":"wp","href":"https:\/\/api.w.org\/{rel}","templated":true}]}}