{"id":2812,"date":"2020-08-13T12:35:00","date_gmt":"2020-08-13T10:35:00","guid":{"rendered":"http:\/\/grzegorznieradka.pl\/?p=2812"},"modified":"2021-07-08T12:37:56","modified_gmt":"2021-07-08T10:37:56","slug":"100-rocznica-bitwy-warszawskiej-1920-roku","status":"publish","type":"post","link":"https:\/\/grzegorznieradka.pl\/index.php\/2020\/08\/13\/100-rocznica-bitwy-warszawskiej-1920-roku\/","title":{"rendered":"100. rocznica Bitwy Warszawskiej 1920 roku"},"content":{"rendered":"\n<p>Trwa realizacja szeregu inicjatyw, centralnych i lokalnych, pa\u0144stwowych i spo\u0142ecznych, maj\u0105cych na celu upami\u0119tnienie zwyci\u0119skiej <a href=\"https:\/\/www.facebook.com\/hashtag\/bitwawarszawska1920?__eep__=6&amp;__cft__[0]=AZWYGvScvas-VfZVpJt8gY8ewjj8dYZ7_Z3SFrXuYR_nLniQj3r1gq4jbeg9HXbXI34optGXwmutijaRPfWgjq2sCDttM0VXFVGGD3P-7LM395wbG4qTlkkhdhcpH72h8QO4UQk-HG5zE-Ws14Syp8gqTWmWIFZJsGGaW_LFzfJJ5Nb5zy8QDmGbLKxhGg_MEU8&amp;__tn__=*NK-R\">#BitwaWarszawska1920<\/a><img decoding=\"async\" loading=\"lazy\" width=\"16\" height=\"16\" alt=\"??\" src=\"https:\/\/static.xx.fbcdn.net\/images\/emoji.php\/v9\/t3f\/2\/16\/1f1f5_1f1f1.png\"> w Kro\u015bnie utrwalono dzisiaj pami\u0119\u0107 o 426 mieszka\u0144cach miasta i powiatu, kt\u00f3rzy jako ochotnicy zg\u0142osili si\u0119 do czynnej walki z bolszewikami. <a href=\"https:\/\/www.facebook.com\/hashtag\/chwa%C5%82abohaterom?__eep__=6&amp;__cft__[0]=AZWYGvScvas-VfZVpJt8gY8ewjj8dYZ7_Z3SFrXuYR_nLniQj3r1gq4jbeg9HXbXI34optGXwmutijaRPfWgjq2sCDttM0VXFVGGD3P-7LM395wbG4qTlkkhdhcpH72h8QO4UQk-HG5zE-Ws14Syp8gqTWmWIFZJsGGaW_LFzfJJ5Nb5zy8QDmGbLKxhGg_MEU8&amp;__tn__=*NK-R\">#Chwa\u0142aBohaterom<\/a><a href=\"https:\/\/www.facebook.com\/hashtag\/cze%C5%9B%C4%87ichpami%C4%99ci?__eep__=6&amp;__cft__[0]=AZWYGvScvas-VfZVpJt8gY8ewjj8dYZ7_Z3SFrXuYR_nLniQj3r1gq4jbeg9HXbXI34optGXwmutijaRPfWgjq2sCDttM0VXFVGGD3P-7LM395wbG4qTlkkhdhcpH72h8QO4UQk-HG5zE-Ws14Syp8gqTWmWIFZJsGGaW_LFzfJJ5Nb5zy8QDmGbLKxhGg_MEU8&amp;__tn__=*NK-R\">#Cze\u015b\u0107IchPami\u0119ci<\/a><\/p>\n","protected":false},"excerpt":{"rendered":"<p>Trwa realizacja szeregu inicjatyw, centralnych i lokalnych, pa\u0144stwowych i spo\u0142ecznych, maj\u0105cych na celu upami\u0119tnienie zwyci\u0119skiej #BitwaWarszawska1920 w Kro\u015bnie utrwalono dzisiaj &#8230;<\/p>\n","protected":false},"author":2,"featured_media":2813,"comment_status":"closed","ping_status":"open","sticky":false,"template":"","format":"standard","meta":[],"categories":[1],"tags":[39],"_links":{"self":[{"href":"https:\/\/grzegorznieradka.pl\/index.php\/wp-json\/wp\/v2\/posts\/2812"}],"collection":[{"href":"https:\/\/grzegorznieradka.pl\/index.php\/wp-json\/wp\/v2\/posts"}],"about":[{"href":"https:\/\/grzegorznieradka.pl\/index.php\/wp-json\/wp\/v2\/types\/post"}],"author":[{"embeddable":true,"href":"https:\/\/grzegorznieradka.pl\/index.php\/wp-json\/wp\/v2\/users\/2"}],"replies":[{"embeddable":true,"href":"https:\/\/grzegorznieradka.pl\/index.php\/wp-json\/wp\/v2\/comments?post=2812"}],"version-history":[{"count":1,"href":"https:\/\/grzegorznieradka.pl\/index.php\/wp-json\/wp\/v2\/posts\/2812\/revisions"}],"predecessor-version":[{"id":2814,"href":"https:\/\/grzegorznieradka.pl\/index.php\/wp-json\/wp\/v2\/posts\/2812\/revisions\/2814"}],"wp:featuredmedia":[{"embeddable":true,"href":"https:\/\/grzegorznieradka.pl\/index.php\/wp-json\/wp\/v2\/media\/2813"}],"wp:attachment":[{"href":"https:\/\/grzegorznieradka.pl\/index.php\/wp-json\/wp\/v2\/media?parent=2812"}],"wp:term":[{"taxonomy":"category","embeddable":true,"href":"https:\/\/grzegorznieradka.pl\/index.php\/wp-json\/wp\/v2\/categories?post=2812"},{"taxonomy":"post_tag","embeddable":true,"href":"https:\/\/grzegorznieradka.pl\/index.php\/wp-json\/wp\/v2\/tags?post=2812"}],"curies":[{"name":"wp","href":"https:\/\/api.w.org\/{rel}","templated":true}]}}