{"id":2832,"date":"2020-09-01T13:08:00","date_gmt":"2020-09-01T11:08:00","guid":{"rendered":"http:\/\/grzegorznieradka.pl\/?p=2832"},"modified":"2021-07-08T13:10:01","modified_gmt":"2021-07-08T11:10:01","slug":"remont-zabytkowej-kaplicy-na-starym-cmentarzu-w-iwoniczu","status":"publish","type":"post","link":"https:\/\/grzegorznieradka.pl\/index.php\/2020\/09\/01\/remont-zabytkowej-kaplicy-na-starym-cmentarzu-w-iwoniczu\/","title":{"rendered":"Remont zabytkowej kaplicy na Starym Cmentarzu w Iwoniczu"},"content":{"rendered":"\n<p>Trwa d\u0142ugo wyczekiwany remont budynku zabytkowej kaplicy, dawnej kostnicy na Starym Cmentarzu w Iwoniczu. Wymieniony zosta\u0142 dach, obecnie wykonywane jest odwodnienie i zdejmowany jest stary tynk. Ju\u017c wkr\u00f3tce ten charakterystyczny dla iwonickiej nekropolii obiekt zyska nowy blask. <\/p>\n","protected":false},"excerpt":{"rendered":"<p>Trwa d\u0142ugo wyczekiwany remont budynku zabytkowej kaplicy, dawnej kostnicy na Starym Cmentarzu w Iwoniczu. Wymieniony zosta\u0142 dach, obecnie wykonywane jest &#8230;<\/p>\n","protected":false},"author":2,"featured_media":2833,"comment_status":"closed","ping_status":"open","sticky":false,"template":"","format":"standard","meta":[],"categories":[1],"tags":[41,39,426],"_links":{"self":[{"href":"https:\/\/grzegorznieradka.pl\/index.php\/wp-json\/wp\/v2\/posts\/2832"}],"collection":[{"href":"https:\/\/grzegorznieradka.pl\/index.php\/wp-json\/wp\/v2\/posts"}],"about":[{"href":"https:\/\/grzegorznieradka.pl\/index.php\/wp-json\/wp\/v2\/types\/post"}],"author":[{"embeddable":true,"href":"https:\/\/grzegorznieradka.pl\/index.php\/wp-json\/wp\/v2\/users\/2"}],"replies":[{"embeddable":true,"href":"https:\/\/grzegorznieradka.pl\/index.php\/wp-json\/wp\/v2\/comments?post=2832"}],"version-history":[{"count":1,"href":"https:\/\/grzegorznieradka.pl\/index.php\/wp-json\/wp\/v2\/posts\/2832\/revisions"}],"predecessor-version":[{"id":2834,"href":"https:\/\/grzegorznieradka.pl\/index.php\/wp-json\/wp\/v2\/posts\/2832\/revisions\/2834"}],"wp:featuredmedia":[{"embeddable":true,"href":"https:\/\/grzegorznieradka.pl\/index.php\/wp-json\/wp\/v2\/media\/2833"}],"wp:attachment":[{"href":"https:\/\/grzegorznieradka.pl\/index.php\/wp-json\/wp\/v2\/media?parent=2832"}],"wp:term":[{"taxonomy":"category","embeddable":true,"href":"https:\/\/grzegorznieradka.pl\/index.php\/wp-json\/wp\/v2\/categories?post=2832"},{"taxonomy":"post_tag","embeddable":true,"href":"https:\/\/grzegorznieradka.pl\/index.php\/wp-json\/wp\/v2\/tags?post=2832"}],"curies":[{"name":"wp","href":"https:\/\/api.w.org\/{rel}","templated":true}]}}