{"id":2852,"date":"2020-09-22T15:28:00","date_gmt":"2020-09-22T13:28:00","guid":{"rendered":"http:\/\/grzegorznieradka.pl\/?p=2852"},"modified":"2021-07-09T15:31:20","modified_gmt":"2021-07-09T13:31:20","slug":"wizyta-na-zamku-krolewskim-w-warszawie","status":"publish","type":"post","link":"https:\/\/grzegorznieradka.pl\/index.php\/2020\/09\/22\/wizyta-na-zamku-krolewskim-w-warszawie\/","title":{"rendered":"Wizyta na Zamku Kr\u00f3lewskim w Warszawie"},"content":{"rendered":"\n<p>Dnia 22 wrze\u015bnia 2020 r. Grzegorz Nieradka odwiedzi\u0142 Zamek Kr\u00f3lewski w Warszawie, w zwi\u0105zku z przygotowaniami do jubileuszu odbudowy Zamku. <\/p>\n\n\n\n<p>&#8211; Wyj\u0105tkowy dla mnie akcent na Zamku Kr\u00f3lewskim w Warszawie <img decoding=\"async\" loading=\"lazy\" width=\"16\" height=\"16\" alt=\"?\" src=\"https:\/\/static.xx.fbcdn.net\/images\/emoji.php\/v9\/t1e\/2\/16\/1f60a.png\"> \u201eWn\u0119trze ko\u015bcio\u0142a farnego w Kro\u015bnie\u201d (1877) autorstwa Aleksandra Gryglewskiego <img decoding=\"async\" loading=\"lazy\" width=\"16\" height=\"16\" alt=\"??\" src=\"https:\/\/static.xx.fbcdn.net\/images\/emoji.php\/v9\/t3f\/2\/16\/1f1f5_1f1f1.png\"> &#8211; napisa\u0142 na swoim profilu facebookowym. <\/p>\n","protected":false},"excerpt":{"rendered":"<p>Dnia 22 wrze\u015bnia 2020 r. Grzegorz Nieradka odwiedzi\u0142 Zamek Kr\u00f3lewski w Warszawie, w zwi\u0105zku z przygotowaniami do jubileuszu odbudowy Zamku. &#8230;<\/p>\n","protected":false},"author":2,"featured_media":2853,"comment_status":"closed","ping_status":"open","sticky":false,"template":"","format":"standard","meta":[],"categories":[1],"tags":[39],"_links":{"self":[{"href":"https:\/\/grzegorznieradka.pl\/index.php\/wp-json\/wp\/v2\/posts\/2852"}],"collection":[{"href":"https:\/\/grzegorznieradka.pl\/index.php\/wp-json\/wp\/v2\/posts"}],"about":[{"href":"https:\/\/grzegorznieradka.pl\/index.php\/wp-json\/wp\/v2\/types\/post"}],"author":[{"embeddable":true,"href":"https:\/\/grzegorznieradka.pl\/index.php\/wp-json\/wp\/v2\/users\/2"}],"replies":[{"embeddable":true,"href":"https:\/\/grzegorznieradka.pl\/index.php\/wp-json\/wp\/v2\/comments?post=2852"}],"version-history":[{"count":1,"href":"https:\/\/grzegorznieradka.pl\/index.php\/wp-json\/wp\/v2\/posts\/2852\/revisions"}],"predecessor-version":[{"id":2854,"href":"https:\/\/grzegorznieradka.pl\/index.php\/wp-json\/wp\/v2\/posts\/2852\/revisions\/2854"}],"wp:featuredmedia":[{"embeddable":true,"href":"https:\/\/grzegorznieradka.pl\/index.php\/wp-json\/wp\/v2\/media\/2853"}],"wp:attachment":[{"href":"https:\/\/grzegorznieradka.pl\/index.php\/wp-json\/wp\/v2\/media?parent=2852"}],"wp:term":[{"taxonomy":"category","embeddable":true,"href":"https:\/\/grzegorznieradka.pl\/index.php\/wp-json\/wp\/v2\/categories?post=2852"},{"taxonomy":"post_tag","embeddable":true,"href":"https:\/\/grzegorznieradka.pl\/index.php\/wp-json\/wp\/v2\/tags?post=2852"}],"curies":[{"name":"wp","href":"https:\/\/api.w.org\/{rel}","templated":true}]}}