{"id":2867,"date":"2020-10-19T15:47:00","date_gmt":"2020-10-19T13:47:00","guid":{"rendered":"http:\/\/grzegorznieradka.pl\/?p=2867"},"modified":"2021-07-09T15:49:15","modified_gmt":"2021-07-09T13:49:15","slug":"kolejny-krok-w-kierunku-budowy-sciezki-rowerowej-w-iwoniczu","status":"publish","type":"post","link":"https:\/\/grzegorznieradka.pl\/index.php\/2020\/10\/19\/kolejny-krok-w-kierunku-budowy-sciezki-rowerowej-w-iwoniczu\/","title":{"rendered":"Kolejny krok w kierunku budowy \u015bcie\u017cki rowerowej w Iwoniczu"},"content":{"rendered":"\n<p><img decoding=\"async\" loading=\"lazy\" width=\"16\" height=\"16\" alt=\"\u203c\ufe0f\" src=\"https:\/\/static.xx.fbcdn.net\/images\/emoji.php\/v9\/tf8\/2\/16\/203c.png\">Podczas pi\u0105tkowej nadzwyczajnej sesji Rady Powiatu Kro\u015bnie\u0144skiego radni wyrazili zgod\u0119 na zaci\u0105gniecie zobowi\u0105zania w wysoko\u015bci 50.000,00 z\u0142. \u015arodki przeznaczone zostan\u0105 na aktualizacj\u0119 dokumentacji technicznej planowanej przebudowy drogi powiatowej Rogi-Iwonicz wraz ze \u015bcie\u017ck\u0105 rowerow\u0105. <\/p>\n","protected":false},"excerpt":{"rendered":"<p>Podczas pi\u0105tkowej nadzwyczajnej sesji Rady Powiatu Kro\u015bnie\u0144skiego radni wyrazili zgod\u0119 na zaci\u0105gniecie zobowi\u0105zania w wysoko\u015bci 50.000,00 z\u0142. \u015arodki przeznaczone zostan\u0105 &#8230;<\/p>\n","protected":false},"author":2,"featured_media":2868,"comment_status":"closed","ping_status":"open","sticky":false,"template":"","format":"standard","meta":[],"categories":[1],"tags":[39,426],"_links":{"self":[{"href":"https:\/\/grzegorznieradka.pl\/index.php\/wp-json\/wp\/v2\/posts\/2867"}],"collection":[{"href":"https:\/\/grzegorznieradka.pl\/index.php\/wp-json\/wp\/v2\/posts"}],"about":[{"href":"https:\/\/grzegorznieradka.pl\/index.php\/wp-json\/wp\/v2\/types\/post"}],"author":[{"embeddable":true,"href":"https:\/\/grzegorznieradka.pl\/index.php\/wp-json\/wp\/v2\/users\/2"}],"replies":[{"embeddable":true,"href":"https:\/\/grzegorznieradka.pl\/index.php\/wp-json\/wp\/v2\/comments?post=2867"}],"version-history":[{"count":1,"href":"https:\/\/grzegorznieradka.pl\/index.php\/wp-json\/wp\/v2\/posts\/2867\/revisions"}],"predecessor-version":[{"id":2869,"href":"https:\/\/grzegorznieradka.pl\/index.php\/wp-json\/wp\/v2\/posts\/2867\/revisions\/2869"}],"wp:featuredmedia":[{"embeddable":true,"href":"https:\/\/grzegorznieradka.pl\/index.php\/wp-json\/wp\/v2\/media\/2868"}],"wp:attachment":[{"href":"https:\/\/grzegorznieradka.pl\/index.php\/wp-json\/wp\/v2\/media?parent=2867"}],"wp:term":[{"taxonomy":"category","embeddable":true,"href":"https:\/\/grzegorznieradka.pl\/index.php\/wp-json\/wp\/v2\/categories?post=2867"},{"taxonomy":"post_tag","embeddable":true,"href":"https:\/\/grzegorznieradka.pl\/index.php\/wp-json\/wp\/v2\/tags?post=2867"}],"curies":[{"name":"wp","href":"https:\/\/api.w.org\/{rel}","templated":true}]}}