{"id":2889,"date":"2021-01-16T12:03:00","date_gmt":"2021-01-16T11:03:00","guid":{"rendered":"http:\/\/grzegorznieradka.pl\/?p=2889"},"modified":"2021-07-13T12:05:04","modified_gmt":"2021-07-13T10:05:04","slug":"szczepimy-sie","status":"publish","type":"post","link":"https:\/\/grzegorznieradka.pl\/index.php\/2021\/01\/16\/szczepimy-sie\/","title":{"rendered":"Szczepimy si\u0119!"},"content":{"rendered":"\n<p><img decoding=\"async\" loading=\"lazy\" alt=\"\u203c\ufe0f\" src=\"https:\/\/static.xx.fbcdn.net\/images\/emoji.php\/v9\/tf8\/2\/16\/203c.png\" width=\"16\" height=\"16\"><a href=\"https:\/\/www.facebook.com\/gpliwonicz\/?__cft__[0]=AZV_s6eGUNe0WRj3AM1WuRNX5C1stnKqsElPAh2j5bytqX5SFeL6PjQA01T9gpmfemZev70Lna3tW1RdkqNqO1xoxQq6BVDKJhzDeOpmj2iZzZu10JRb4hJDDfmy2U3SAhseBF1khpwMt6O-7fgrjTqzf-mGek4sGth3mjjT88og6VLR2ovuCyf57bhlDe8qdg4&amp;__tn__=kK-R\">Przychodnia Iwonicz-Zdr\u00f3j<\/a> informuje! <img decoding=\"async\" loading=\"lazy\" alt=\"?\" src=\"https:\/\/static.xx.fbcdn.net\/images\/emoji.php\/v9\/t6c\/2\/16\/1f489.png\" width=\"16\" height=\"16\"> Od 15 stycznia ruszy\u0142a rejestracja na szczepienia przeciw <a href=\"https:\/\/www.facebook.com\/hashtag\/covid19?__eep__=6&amp;__cft__[0]=AZV_s6eGUNe0WRj3AM1WuRNX5C1stnKqsElPAh2j5bytqX5SFeL6PjQA01T9gpmfemZev70Lna3tW1RdkqNqO1xoxQq6BVDKJhzDeOpmj2iZzZu10JRb4hJDDfmy2U3SAhseBF1khpwMt6O-7fgrjTqzf-mGek4sGth3mjjT88og6VLR2ovuCyf57bhlDe8qdg4&amp;__tn__=*NK-R\">#COVID19<\/a> dla senior\u00f3w, kt\u00f3rzy sko\u0144czyli 80 lat. <img decoding=\"async\" loading=\"lazy\" alt=\"?\" src=\"https:\/\/static.xx.fbcdn.net\/images\/emoji.php\/v9\/t6c\/2\/16\/1f489.png\" width=\"16\" height=\"16\"> Od 22 stycznia zarejestrowa\u0107 si\u0119 b\u0119d\u0105 mog\u0142y osoby powy\u017cej 70. roku \u017cycia.<img decoding=\"async\" loading=\"lazy\" alt=\"?\" src=\"https:\/\/static.xx.fbcdn.net\/images\/emoji.php\/v9\/t6c\/2\/16\/1f489.png\" width=\"16\" height=\"16\"> Od 25 stycznia rozpoczn\u0105 si\u0119 szczepienia dla zarejestrowanych Pacjent\u00f3w. <img decoding=\"async\" loading=\"lazy\" alt=\"?\u200d?\" src=\"https:\/\/static.xx.fbcdn.net\/images\/emoji.php\/v9\/teb\/2\/16\/1f469_200d_1f52c.png\" width=\"16\" height=\"16\"><img decoding=\"async\" loading=\"lazy\" alt=\"?\u200d?\" src=\"https:\/\/static.xx.fbcdn.net\/images\/emoji.php\/v9\/tc\/2\/16\/1f468_200d_1f52c.png\" width=\"16\" height=\"16\"> O starcie rejestracji dla kolejnych grup b\u0119dziemy informowa\u0107 na bie\u017c\u0105co. <a href=\"https:\/\/www.facebook.com\/hashtag\/szczepimysi%C4%99?__eep__=6&amp;__cft__[0]=AZV_s6eGUNe0WRj3AM1WuRNX5C1stnKqsElPAh2j5bytqX5SFeL6PjQA01T9gpmfemZev70Lna3tW1RdkqNqO1xoxQq6BVDKJhzDeOpmj2iZzZu10JRb4hJDDfmy2U3SAhseBF1khpwMt6O-7fgrjTqzf-mGek4sGth3mjjT88og6VLR2ovuCyf57bhlDe8qdg4&amp;__tn__=*NK-R\">#SzczepimySi\u0119<\/a><\/p>\n","protected":false},"excerpt":{"rendered":"<p>Przychodnia Iwonicz-Zdr\u00f3j informuje! Od 15 stycznia ruszy\u0142a rejestracja na szczepienia przeciw #COVID19 dla senior\u00f3w, kt\u00f3rzy sko\u0144czyli 80 lat. Od 22 &#8230;<\/p>\n","protected":false},"author":2,"featured_media":2890,"comment_status":"closed","ping_status":"open","sticky":false,"template":"","format":"standard","meta":[],"categories":[1],"tags":[429,39],"_links":{"self":[{"href":"https:\/\/grzegorznieradka.pl\/index.php\/wp-json\/wp\/v2\/posts\/2889"}],"collection":[{"href":"https:\/\/grzegorznieradka.pl\/index.php\/wp-json\/wp\/v2\/posts"}],"about":[{"href":"https:\/\/grzegorznieradka.pl\/index.php\/wp-json\/wp\/v2\/types\/post"}],"author":[{"embeddable":true,"href":"https:\/\/grzegorznieradka.pl\/index.php\/wp-json\/wp\/v2\/users\/2"}],"replies":[{"embeddable":true,"href":"https:\/\/grzegorznieradka.pl\/index.php\/wp-json\/wp\/v2\/comments?post=2889"}],"version-history":[{"count":1,"href":"https:\/\/grzegorznieradka.pl\/index.php\/wp-json\/wp\/v2\/posts\/2889\/revisions"}],"predecessor-version":[{"id":2891,"href":"https:\/\/grzegorznieradka.pl\/index.php\/wp-json\/wp\/v2\/posts\/2889\/revisions\/2891"}],"wp:featuredmedia":[{"embeddable":true,"href":"https:\/\/grzegorznieradka.pl\/index.php\/wp-json\/wp\/v2\/media\/2890"}],"wp:attachment":[{"href":"https:\/\/grzegorznieradka.pl\/index.php\/wp-json\/wp\/v2\/media?parent=2889"}],"wp:term":[{"taxonomy":"category","embeddable":true,"href":"https:\/\/grzegorznieradka.pl\/index.php\/wp-json\/wp\/v2\/categories?post=2889"},{"taxonomy":"post_tag","embeddable":true,"href":"https:\/\/grzegorznieradka.pl\/index.php\/wp-json\/wp\/v2\/tags?post=2889"}],"curies":[{"name":"wp","href":"https:\/\/api.w.org\/{rel}","templated":true}]}}