{"id":2964,"date":"2021-07-03T13:15:00","date_gmt":"2021-07-03T11:15:00","guid":{"rendered":"http:\/\/grzegorznieradka.pl\/?p=2964"},"modified":"2021-07-15T15:02:21","modified_gmt":"2021-07-15T13:02:21","slug":"kongres-pis-wybral-jaroslawa-kaczynskiego-na-prezesa-partii","status":"publish","type":"post","link":"https:\/\/grzegorznieradka.pl\/index.php\/2021\/07\/03\/kongres-pis-wybral-jaroslawa-kaczynskiego-na-prezesa-partii\/","title":{"rendered":"Kongres PiS wybra\u0142 Jaros\u0142awa Kaczy\u0144skiego na Prezesa Partii"},"content":{"rendered":"\n<p>W dniu 3 lipca br. Grzegorz Nieradka uczestniczy\u0142 w VI Kongresie statutowo-wyborczym Prawa i Sprawiedliwo\u015bci. Jako delegat wzi\u0105\u0142 czynny udzia\u0142 w g\u0142osowaniach. Wybrano Pana Jaros\u0142awa Kaczy\u0144skiego na Prezesa partii <img decoding=\"async\" loading=\"lazy\" alt=\"??\" src=\"https:\/\/static.xx.fbcdn.net\/images\/emoji.php\/v9\/t3f\/2\/16\/1f1f5_1f1f1.png\" width=\"16\" height=\"16\"><img decoding=\"async\" loading=\"lazy\" alt=\"??\" src=\"https:\/\/static.xx.fbcdn.net\/images\/emoji.php\/v9\/t3f\/2\/16\/1f1f5_1f1f1.png\" width=\"16\" height=\"16\"> Ponadto wybrano Rad\u0119 Polityczn\u0105, Kole\u017ce\u0144ski S\u0105d Dyscyplinarny oraz Krajow\u0105 Komisj\u0119 Rewizyjn\u0105. <\/p>\n","protected":false},"excerpt":{"rendered":"<p>W dniu 3 lipca br. Grzegorz Nieradka uczestniczy\u0142 w VI Kongresie statutowo-wyborczym Prawa i Sprawiedliwo\u015bci. Jako delegat wzi\u0105\u0142 czynny udzia\u0142 &#8230;<\/p>\n","protected":false},"author":2,"featured_media":2965,"comment_status":"closed","ping_status":"open","sticky":false,"template":"","format":"standard","meta":[],"categories":[71],"tags":[39,68],"_links":{"self":[{"href":"https:\/\/grzegorznieradka.pl\/index.php\/wp-json\/wp\/v2\/posts\/2964"}],"collection":[{"href":"https:\/\/grzegorznieradka.pl\/index.php\/wp-json\/wp\/v2\/posts"}],"about":[{"href":"https:\/\/grzegorznieradka.pl\/index.php\/wp-json\/wp\/v2\/types\/post"}],"author":[{"embeddable":true,"href":"https:\/\/grzegorznieradka.pl\/index.php\/wp-json\/wp\/v2\/users\/2"}],"replies":[{"embeddable":true,"href":"https:\/\/grzegorznieradka.pl\/index.php\/wp-json\/wp\/v2\/comments?post=2964"}],"version-history":[{"count":2,"href":"https:\/\/grzegorznieradka.pl\/index.php\/wp-json\/wp\/v2\/posts\/2964\/revisions"}],"predecessor-version":[{"id":3002,"href":"https:\/\/grzegorznieradka.pl\/index.php\/wp-json\/wp\/v2\/posts\/2964\/revisions\/3002"}],"wp:featuredmedia":[{"embeddable":true,"href":"https:\/\/grzegorznieradka.pl\/index.php\/wp-json\/wp\/v2\/media\/2965"}],"wp:attachment":[{"href":"https:\/\/grzegorznieradka.pl\/index.php\/wp-json\/wp\/v2\/media?parent=2964"}],"wp:term":[{"taxonomy":"category","embeddable":true,"href":"https:\/\/grzegorznieradka.pl\/index.php\/wp-json\/wp\/v2\/categories?post=2964"},{"taxonomy":"post_tag","embeddable":true,"href":"https:\/\/grzegorznieradka.pl\/index.php\/wp-json\/wp\/v2\/tags?post=2964"}],"curies":[{"name":"wp","href":"https:\/\/api.w.org\/{rel}","templated":true}]}}