{"id":3080,"date":"2024-01-21T20:19:00","date_gmt":"2024-01-21T19:19:00","guid":{"rendered":"http:\/\/grzegorznieradka.pl\/?p=3080"},"modified":"2024-01-23T23:19:30","modified_gmt":"2024-01-23T22:19:30","slug":"koncert-laureatow-gminnego-przegladu-koled-i-pastoralek-w-iwoniczu-zdroju","status":"publish","type":"post","link":"https:\/\/grzegorznieradka.pl\/index.php\/2024\/01\/21\/koncert-laureatow-gminnego-przegladu-koled-i-pastoralek-w-iwoniczu-zdroju\/","title":{"rendered":"Koncert Laureat\u00f3w gminnego przegl\u0105du Kol\u0119d i Pastora\u0142ek w Iwoniczu-Zdroju"},"content":{"rendered":"\n<p>Wyj\u0105tkow\u0105 opraw\u0119 mia\u0142 w Iwoniczu-Zdroju tegoroczny Dzie\u0144 Babci \ud83e\udd17 W tym szczeg\u00f3lnym dniu uczestniczyli\u015bmy w Koncercie Laureat\u00f3w Gminnego Konkursu Kol\u0119d, Pastora\u0142ek i Tradycji Bo\u017conarodzeniowych  <img decoding=\"async\" loading=\"lazy\" width=\"16\" height=\"16\" src=\"https:\/\/static.xx.fbcdn.net\/images\/emoji.php\/v9\/tf4\/1\/16\/2728.png\" alt=\"\u2728\"><img decoding=\"async\" loading=\"lazy\" width=\"16\" height=\"16\" src=\"https:\/\/static.xx.fbcdn.net\/images\/emoji.php\/v9\/t7\/1\/16\/1f384.png\" alt=\"\ud83c\udf84\"><br>Rodzice, rodze\u0144stwo oraz dziadkowie m\u0142odych artyst\u00f3w wype\u0142nili po brzegi sal\u0119 widowiskow\u0105 <img decoding=\"async\" loading=\"lazy\" width=\"16\" height=\"16\" src=\"https:\/\/static.xx.fbcdn.net\/images\/emoji.php\/v9\/t49\/1\/16\/1faf6.png\" alt=\"\ud83e\udef6\"> Przepi\u0119kne wyst\u0119py i wykonania, przyjmowane z wielkim entuzjazmem przez zgromadzonych go\u015bci,  zaprezentowali uczniowie :<\/p>\n\n\n\n<p><img decoding=\"async\" loading=\"lazy\" width=\"16\" height=\"16\" src=\"https:\/\/static.xx.fbcdn.net\/images\/emoji.php\/v9\/t51\/1\/16\/1f449.png\" alt=\"\ud83d\udc49\"> Szko\u0142y Podstawowej im. Jana Paw\u0142a II w Lubatowej,<\/p>\n\n\n\n<p><img decoding=\"async\" loading=\"lazy\" width=\"16\" height=\"16\" src=\"https:\/\/static.xx.fbcdn.net\/images\/emoji.php\/v9\/t51\/1\/16\/1f449.png\" alt=\"\ud83d\udc49\"> Szko\u0142y Podstawowej im. Or\u0142a Bia\u0142ego w Lubat\u00f3wce,<\/p>\n\n\n\n<p><img decoding=\"async\" loading=\"lazy\" width=\"16\" height=\"16\" src=\"https:\/\/static.xx.fbcdn.net\/images\/emoji.php\/v9\/t51\/1\/16\/1f449.png\" alt=\"\ud83d\udc49\"> Szko\u0142y Podstawowej im. ks. Jana R\u0105ba w Iwoniczu-Zdroju,<\/p>\n\n\n\n<p><img decoding=\"async\" loading=\"lazy\" width=\"16\" height=\"16\" src=\"https:\/\/static.xx.fbcdn.net\/images\/emoji.php\/v9\/t51\/1\/16\/1f449.png\" alt=\"\ud83d\udc49\"> Szko\u0142y Podstawowej im. ks. Antoniego Podg\u00f3rskiego w Iwoniczu,<\/p>\n\n\n\n<p><img decoding=\"async\" loading=\"lazy\" width=\"16\" height=\"16\" src=\"https:\/\/static.xx.fbcdn.net\/images\/emoji.php\/v9\/t51\/1\/16\/1f449.png\" alt=\"\ud83d\udc49\"> Zespo\u0142u Szk\u00f3\u0142 w Iwoniczu<\/p>\n\n\n\n<p>Wszystkim Uczestnikom i Laureatom Gminnego Konkursu Kol\u0119d, Pastora\u0142ek i Tradycji Bo\u017conarodzeniowych sk\u0142adam serdeczne gratulacje! <img decoding=\"async\" loading=\"lazy\" width=\"16\" height=\"16\" src=\"https:\/\/static.xx.fbcdn.net\/images\/emoji.php\/v9\/t64\/1\/16\/1f91d.png\" alt=\"\ud83e\udd1d\"><img decoding=\"async\" loading=\"lazy\" width=\"16\" height=\"16\" src=\"https:\/\/static.xx.fbcdn.net\/images\/emoji.php\/v9\/tfe\/1\/16\/1f44f.png\" alt=\"\ud83d\udc4f\"><\/p>\n\n\n\n<p><\/p>\n","protected":false},"excerpt":{"rendered":"<p>Wyj\u0105tkow\u0105 opraw\u0119 mia\u0142 w Iwoniczu-Zdroju tegoroczny Dzie\u0144 Babci \ud83e\udd17 W tym szczeg\u00f3lnym dniu uczestniczyli\u015bmy w Koncercie Laureat\u00f3w Gminnego Konkursu Kol\u0119d, &#8230;<\/p>\n","protected":false},"author":2,"featured_media":3082,"comment_status":"closed","ping_status":"open","sticky":false,"template":"","format":"standard","meta":[],"categories":[1],"tags":[469,470,41,39,426,259,113,471,472,473],"_links":{"self":[{"href":"https:\/\/grzegorznieradka.pl\/index.php\/wp-json\/wp\/v2\/posts\/3080"}],"collection":[{"href":"https:\/\/grzegorznieradka.pl\/index.php\/wp-json\/wp\/v2\/posts"}],"about":[{"href":"https:\/\/grzegorznieradka.pl\/index.php\/wp-json\/wp\/v2\/types\/post"}],"author":[{"embeddable":true,"href":"https:\/\/grzegorznieradka.pl\/index.php\/wp-json\/wp\/v2\/users\/2"}],"replies":[{"embeddable":true,"href":"https:\/\/grzegorznieradka.pl\/index.php\/wp-json\/wp\/v2\/comments?post=3080"}],"version-history":[{"count":3,"href":"https:\/\/grzegorznieradka.pl\/index.php\/wp-json\/wp\/v2\/posts\/3080\/revisions"}],"predecessor-version":[{"id":3085,"href":"https:\/\/grzegorznieradka.pl\/index.php\/wp-json\/wp\/v2\/posts\/3080\/revisions\/3085"}],"wp:featuredmedia":[{"embeddable":true,"href":"https:\/\/grzegorznieradka.pl\/index.php\/wp-json\/wp\/v2\/media\/3082"}],"wp:attachment":[{"href":"https:\/\/grzegorznieradka.pl\/index.php\/wp-json\/wp\/v2\/media?parent=3080"}],"wp:term":[{"taxonomy":"category","embeddable":true,"href":"https:\/\/grzegorznieradka.pl\/index.php\/wp-json\/wp\/v2\/categories?post=3080"},{"taxonomy":"post_tag","embeddable":true,"href":"https:\/\/grzegorznieradka.pl\/index.php\/wp-json\/wp\/v2\/tags?post=3080"}],"curies":[{"name":"wp","href":"https:\/\/api.w.org\/{rel}","templated":true}]}}