{"id":3106,"date":"2023-09-21T21:26:11","date_gmt":"2023-09-21T19:26:11","guid":{"rendered":"http:\/\/grzegorznieradka.pl\/?p=3106"},"modified":"2024-01-25T21:41:07","modified_gmt":"2024-01-25T20:41:07","slug":"porady-prawne-dla-seniorow-z-gminy-iwonicz-zdroj","status":"publish","type":"post","link":"https:\/\/grzegorznieradka.pl\/index.php\/2023\/09\/21\/porady-prawne-dla-seniorow-z-gminy-iwonicz-zdroj\/","title":{"rendered":"porady prawne dla senior\u00f3w z Gminy Iwonicz-Zdr\u00f3j"},"content":{"rendered":"\n<p>Za nami kolejne, trzecie ju\u017c spotkanie w ramach programu Aktywni Plus zorganizowane dla senior\u00f3w <img decoding=\"async\" loading=\"lazy\" width=\"16\" height=\"16\" src=\"https:\/\/static.xx.fbcdn.net\/images\/emoji.php\/v9\/tb7\/1\/16\/1f917.png\" alt=\"\ud83e\udd17\"><br>z terenu Gminy Iwonicz-Zdr\u00f3j <img decoding=\"async\" loading=\"lazy\" width=\"16\" height=\"16\" src=\"https:\/\/static.xx.fbcdn.net\/images\/emoji.php\/v9\/t6c\/1\/16\/2764.png\" alt=\"\u2764\ufe0f\"> Tym razem tematem szkolenia by\u0142y praktyczne porady prawnika. Dzi\u0119kuj\u0119 Pani mecenas oraz kolegom z Fundacji Misji Obywatelskiej za przygotowanie interesuj\u0105cego panelu <img decoding=\"async\" loading=\"lazy\" width=\"16\" height=\"16\" src=\"https:\/\/static.xx.fbcdn.net\/images\/emoji.php\/v9\/t64\/1\/16\/1f91d.png\" alt=\"\ud83e\udd1d\"><img decoding=\"async\" loading=\"lazy\" width=\"16\" height=\"16\" src=\"https:\/\/static.xx.fbcdn.net\/images\/emoji.php\/v9\/te0\/1\/16\/1f1f5_1f1f1.png\" alt=\"\ud83c\uddf5\ud83c\uddf1\"> <\/p>\n\n\n\n<p>Projekt realizujemy dzi\u0119ki dofinansowaniu od Ministerstwa Rodziny i Polityki Spo\u0142ecznej <img decoding=\"async\" loading=\"lazy\" width=\"16\" height=\"16\" src=\"https:\/\/static.xx.fbcdn.net\/images\/emoji.php\/v9\/te0\/1\/16\/1f1f5_1f1f1.png\" alt=\"\ud83c\uddf5\ud83c\uddf1\"> <br>Miejsce do spotka\u0144 i pocz\u0119stunek zapewniaj\u0105 nam Restauracje Krakowiak i Klimat <img decoding=\"async\" loading=\"lazy\" width=\"16\" height=\"16\" src=\"https:\/\/static.xx.fbcdn.net\/images\/emoji.php\/v9\/t91\/1\/16\/2615.png\" alt=\"\u2615\ufe0f\"><img decoding=\"async\" loading=\"lazy\" width=\"16\" height=\"16\" src=\"https:\/\/static.xx.fbcdn.net\/images\/emoji.php\/v9\/t64\/1\/16\/1f370.png\" alt=\"\ud83c\udf70\"> Dzi\u0119kujemy! <img decoding=\"async\" loading=\"lazy\" width=\"16\" height=\"16\" src=\"https:\/\/static.xx.fbcdn.net\/images\/emoji.php\/v9\/t64\/1\/16\/1f91d.png\" alt=\"\ud83e\udd1d\"><\/p>\n\n\n\n<p><\/p>\n","protected":false},"excerpt":{"rendered":"<p>Za nami kolejne, trzecie ju\u017c spotkanie w ramach programu Aktywni Plus zorganizowane dla senior\u00f3w z terenu Gminy Iwonicz-Zdr\u00f3j Tym razem &#8230;<\/p>\n","protected":false},"author":2,"featured_media":3107,"comment_status":"closed","ping_status":"open","sticky":false,"template":"","format":"standard","meta":[],"categories":[1],"tags":[487,41,39,426,113,486,489,485],"_links":{"self":[{"href":"https:\/\/grzegorznieradka.pl\/index.php\/wp-json\/wp\/v2\/posts\/3106"}],"collection":[{"href":"https:\/\/grzegorznieradka.pl\/index.php\/wp-json\/wp\/v2\/posts"}],"about":[{"href":"https:\/\/grzegorznieradka.pl\/index.php\/wp-json\/wp\/v2\/types\/post"}],"author":[{"embeddable":true,"href":"https:\/\/grzegorznieradka.pl\/index.php\/wp-json\/wp\/v2\/users\/2"}],"replies":[{"embeddable":true,"href":"https:\/\/grzegorznieradka.pl\/index.php\/wp-json\/wp\/v2\/comments?post=3106"}],"version-history":[{"count":1,"href":"https:\/\/grzegorznieradka.pl\/index.php\/wp-json\/wp\/v2\/posts\/3106\/revisions"}],"predecessor-version":[{"id":3108,"href":"https:\/\/grzegorznieradka.pl\/index.php\/wp-json\/wp\/v2\/posts\/3106\/revisions\/3108"}],"wp:featuredmedia":[{"embeddable":true,"href":"https:\/\/grzegorznieradka.pl\/index.php\/wp-json\/wp\/v2\/media\/3107"}],"wp:attachment":[{"href":"https:\/\/grzegorznieradka.pl\/index.php\/wp-json\/wp\/v2\/media?parent=3106"}],"wp:term":[{"taxonomy":"category","embeddable":true,"href":"https:\/\/grzegorznieradka.pl\/index.php\/wp-json\/wp\/v2\/categories?post=3106"},{"taxonomy":"post_tag","embeddable":true,"href":"https:\/\/grzegorznieradka.pl\/index.php\/wp-json\/wp\/v2\/tags?post=3106"}],"curies":[{"name":"wp","href":"https:\/\/api.w.org\/{rel}","templated":true}]}}