{"id":3386,"date":"2024-03-28T13:23:48","date_gmt":"2024-03-28T12:23:48","guid":{"rendered":"http:\/\/grzegorznieradka.pl\/?p=3386"},"modified":"2024-03-29T13:20:03","modified_gmt":"2024-03-29T12:20:03","slug":"polityka-senioralna","status":"publish","type":"post","link":"https:\/\/grzegorznieradka.pl\/index.php\/2024\/03\/28\/polityka-senioralna\/","title":{"rendered":"Polityka senioralna"},"content":{"rendered":"\n<p class=\"has-medium-font-size\"> Mamy \u015bwietny program dla senior\u00f3w, kt\u00f3rzy stanowi\u0105 istotn\u0105 grup\u0119 spo\u0142eczn\u0105 w naszej gminie \ud83e\udd17  Drodzy seniorzy, prosimy o Wasz g\u0142os! \ud83d\ude0a<\/p>\n\n\n\n<figure class=\"wp-block-image size-full\"><a href=\"http:\/\/grzegorznieradka.pl\/wp-content\/uploads\/2024\/03\/polityka-senioralna-1.jpg\"><img decoding=\"async\" loading=\"lazy\" width=\"526\" height=\"526\" src=\"http:\/\/grzegorznieradka.pl\/wp-content\/uploads\/2024\/03\/polityka-senioralna-1.jpg\" alt=\"\" class=\"wp-image-3388\" srcset=\"https:\/\/grzegorznieradka.pl\/wp-content\/uploads\/2024\/03\/polityka-senioralna-1.jpg 526w, https:\/\/grzegorznieradka.pl\/wp-content\/uploads\/2024\/03\/polityka-senioralna-1-300x300.jpg 300w, https:\/\/grzegorznieradka.pl\/wp-content\/uploads\/2024\/03\/polityka-senioralna-1-150x150.jpg 150w\" sizes=\"(max-width: 526px) 100vw, 526px\" \/><\/a><\/figure>\n","protected":false},"excerpt":{"rendered":"<p>Mamy \u015bwietny program dla senior\u00f3w, kt\u00f3rzy stanowi\u0105 istotn\u0105 grup\u0119 spo\u0142eczn\u0105 w naszej gminie \ud83e\udd17 Drodzy seniorzy, prosimy o Wasz g\u0142os! &#8230;<\/p>\n","protected":false},"author":2,"featured_media":3389,"comment_status":"closed","ping_status":"open","sticky":false,"template":"","format":"standard","meta":[],"categories":[1],"tags":[41,518,259,113,480,451,468,489,500,485],"_links":{"self":[{"href":"https:\/\/grzegorznieradka.pl\/index.php\/wp-json\/wp\/v2\/posts\/3386"}],"collection":[{"href":"https:\/\/grzegorznieradka.pl\/index.php\/wp-json\/wp\/v2\/posts"}],"about":[{"href":"https:\/\/grzegorznieradka.pl\/index.php\/wp-json\/wp\/v2\/types\/post"}],"author":[{"embeddable":true,"href":"https:\/\/grzegorznieradka.pl\/index.php\/wp-json\/wp\/v2\/users\/2"}],"replies":[{"embeddable":true,"href":"https:\/\/grzegorznieradka.pl\/index.php\/wp-json\/wp\/v2\/comments?post=3386"}],"version-history":[{"count":2,"href":"https:\/\/grzegorznieradka.pl\/index.php\/wp-json\/wp\/v2\/posts\/3386\/revisions"}],"predecessor-version":[{"id":3392,"href":"https:\/\/grzegorznieradka.pl\/index.php\/wp-json\/wp\/v2\/posts\/3386\/revisions\/3392"}],"wp:featuredmedia":[{"embeddable":true,"href":"https:\/\/grzegorznieradka.pl\/index.php\/wp-json\/wp\/v2\/media\/3389"}],"wp:attachment":[{"href":"https:\/\/grzegorznieradka.pl\/index.php\/wp-json\/wp\/v2\/media?parent=3386"}],"wp:term":[{"taxonomy":"category","embeddable":true,"href":"https:\/\/grzegorznieradka.pl\/index.php\/wp-json\/wp\/v2\/categories?post=3386"},{"taxonomy":"post_tag","embeddable":true,"href":"https:\/\/grzegorznieradka.pl\/index.php\/wp-json\/wp\/v2\/tags?post=3386"}],"curies":[{"name":"wp","href":"https:\/\/api.w.org\/{rel}","templated":true}]}}