{"id":3498,"date":"2024-05-01T14:43:00","date_gmt":"2024-05-01T12:43:00","guid":{"rendered":"http:\/\/grzegorznieradka.pl\/?p=3498"},"modified":"2024-05-01T15:26:55","modified_gmt":"2024-05-01T13:26:55","slug":"uroczystosci-35-rocznicy-smierci-ks-dr-jana-raba","status":"publish","type":"post","link":"https:\/\/grzegorznieradka.pl\/index.php\/2024\/05\/01\/uroczystosci-35-rocznicy-smierci-ks-dr-jana-raba\/","title":{"rendered":"Uroczysto\u015bci 35. rocznicy \u015bmierci ks. dr. Jana R\u0105ba"},"content":{"rendered":"\n<p class=\"has-medium-font-size\"><img decoding=\"async\" loading=\"lazy\" width=\"16\" height=\"16\" src=\"https:\/\/static.xx.fbcdn.net\/images\/emoji.php\/v9\/t77\/1\/16\/203c.png\" alt=\"\u203c\ufe0f\"> Wspania\u0142y koncert m\u0142odych wirtuoz\u00f3w akordeonu <img decoding=\"async\" style=\"width: 22px;\" src=\"https:\/\/static.xx.fbcdn.net\/images\/emoji.php\/v9\/td7\/1\/16\/1fa97.png\" alt=\"\ud83e\ude97\"> by\u0142 pi\u0119knym zwie\u0144czeniem uroczysto\u015bci 35. rocznicy \u015bmierci ks. dr. Jana R\u0105ba, pierwszego proboszcza zdrojowej parafii <img decoding=\"async\" style=\"width: 22px;\" src=\"https:\/\/static.xx.fbcdn.net\/images\/emoji.php\/v9\/t80\/1\/16\/1f64f.png\" alt=\"\ud83d\ude4f\"> Dzi\u0119kuj\u0119 Spo\u0142ecznemu Komitetowi Obchod\u00f3w na czele z Janem Nyczem i Halin\u0105 J\u00f3zefczyk-Habrat za tak profesjonalne, a jednocze\u015bnie chwytaj\u0105ce za serce przygotowanie <img decoding=\"async\" style=\"width: 22px;\" src=\"https:\/\/static.xx.fbcdn.net\/images\/emoji.php\/v9\/t6c\/1\/16\/2764.png\" alt=\"\u2764\ufe0f\"> Dzi\u0119kuj\u0119 naszemu Centrum Kultury i Czytelnictwa w Iwoniczu-Zdroju za wsparcie techniczne, organizacyjne i zdj\u0119cia <img decoding=\"async\" style=\"width: 22px;\" src=\"https:\/\/static.xx.fbcdn.net\/images\/emoji.php\/v9\/t64\/1\/16\/1f91d.png\" alt=\"\ud83e\udd1d\"> <img decoding=\"async\" style=\"width: 22px;\" src=\"https:\/\/static.xx.fbcdn.net\/images\/emoji.php\/v9\/te0\/1\/16\/1f1f5_1f1f1.png\" alt=\"\ud83c\uddf5\ud83c\uddf1\"><\/p>\n","protected":false},"excerpt":{"rendered":"<p>Wspania\u0142y koncert m\u0142odych wirtuoz\u00f3w akordeonu by\u0142 pi\u0119knym zwie\u0144czeniem uroczysto\u015bci 35. rocznicy \u015bmierci ks. dr. Jana R\u0105ba, pierwszego proboszcza zdrojowej parafii &#8230;<\/p>\n","protected":false},"author":2,"featured_media":3499,"comment_status":"closed","ping_status":"open","sticky":false,"template":"","format":"standard","meta":[],"categories":[1],"tags":[556,41,550,113,122],"_links":{"self":[{"href":"https:\/\/grzegorznieradka.pl\/index.php\/wp-json\/wp\/v2\/posts\/3498"}],"collection":[{"href":"https:\/\/grzegorznieradka.pl\/index.php\/wp-json\/wp\/v2\/posts"}],"about":[{"href":"https:\/\/grzegorznieradka.pl\/index.php\/wp-json\/wp\/v2\/types\/post"}],"author":[{"embeddable":true,"href":"https:\/\/grzegorznieradka.pl\/index.php\/wp-json\/wp\/v2\/users\/2"}],"replies":[{"embeddable":true,"href":"https:\/\/grzegorznieradka.pl\/index.php\/wp-json\/wp\/v2\/comments?post=3498"}],"version-history":[{"count":1,"href":"https:\/\/grzegorznieradka.pl\/index.php\/wp-json\/wp\/v2\/posts\/3498\/revisions"}],"predecessor-version":[{"id":3500,"href":"https:\/\/grzegorznieradka.pl\/index.php\/wp-json\/wp\/v2\/posts\/3498\/revisions\/3500"}],"wp:featuredmedia":[{"embeddable":true,"href":"https:\/\/grzegorznieradka.pl\/index.php\/wp-json\/wp\/v2\/media\/3499"}],"wp:attachment":[{"href":"https:\/\/grzegorznieradka.pl\/index.php\/wp-json\/wp\/v2\/media?parent=3498"}],"wp:term":[{"taxonomy":"category","embeddable":true,"href":"https:\/\/grzegorznieradka.pl\/index.php\/wp-json\/wp\/v2\/categories?post=3498"},{"taxonomy":"post_tag","embeddable":true,"href":"https:\/\/grzegorznieradka.pl\/index.php\/wp-json\/wp\/v2\/tags?post=3498"}],"curies":[{"name":"wp","href":"https:\/\/api.w.org\/{rel}","templated":true}]}}