{"id":3515,"date":"2024-05-01T14:51:00","date_gmt":"2024-05-01T12:51:00","guid":{"rendered":"http:\/\/grzegorznieradka.pl\/?p=3515"},"modified":"2024-05-01T16:43:53","modified_gmt":"2024-05-01T14:43:53","slug":"zaproszenie-na-spoleczne-obchody-233-rocznicy-swieta-konstytucji-3-maja-w-iwoniczu-zdroju","status":"publish","type":"post","link":"https:\/\/grzegorznieradka.pl\/index.php\/2024\/05\/01\/zaproszenie-na-spoleczne-obchody-233-rocznicy-swieta-konstytucji-3-maja-w-iwoniczu-zdroju\/","title":{"rendered":"Zaproszenie na Spo\u0142eczne Obchody 233. Rocznicy \u015awi\u0119ta Konstytucji 3 Maja w Iwoniczu-Zdroju"},"content":{"rendered":"\n<p class=\"has-medium-font-size\">Zapraszamy mieszka\u0144c\u00f3w i go\u015bci do wsp\u00f3lnego \u015bwi\u0119towania 233. rocznicy uchwalenia Konstytucji 3 Maja <img decoding=\"async\" style=\"width: 22px;\" src=\"https:\/\/static.xx.fbcdn.net\/images\/emoji.php\/v9\/t71\/1\/16\/1f339.png\" alt=\"\ud83c\udf39\"> <img decoding=\"async\" style=\"width: 22px;\" src=\"https:\/\/static.xx.fbcdn.net\/images\/emoji.php\/v9\/te0\/1\/16\/1f1f5_1f1f1.png\" alt=\"\ud83c\uddf5\ud83c\uddf1\">  <br>Pami\u0119tajmy tak\u017ce o wywieszeniu flag pa\u0144stwowych <img decoding=\"async\" style=\"width: 22px;\" src=\"https:\/\/static.xx.fbcdn.net\/images\/emoji.php\/v9\/te0\/1\/16\/1f1f5_1f1f1.png\" alt=\"\ud83c\uddf5\ud83c\uddf1\"> <img decoding=\"async\" style=\"width: 22px;\" src=\"https:\/\/static.xx.fbcdn.net\/images\/emoji.php\/v9\/te0\/1\/16\/1f1f5_1f1f1.png\" alt=\"\ud83c\uddf5\ud83c\uddf1\"> <img decoding=\"async\" style=\"width: 22px;\" src=\"https:\/\/static.xx.fbcdn.net\/images\/emoji.php\/v9\/te0\/1\/16\/1f1f5_1f1f1.png\" alt=\"\ud83c\uddf5\ud83c\uddf1\"> <br>Razem odbudujemy wsp\u00f3lnot\u0119 <img decoding=\"async\" loading=\"lazy\" src=\"https:\/\/static.xx.fbcdn.net\/images\/emoji.php\/v9\/t77\/1\/16\/203c.png\" alt=\"\u203c\ufe0f\" width=\"16\" height=\"16\"><\/p>\n\n\n\n<figure class=\"wp-block-image size-large\"><a href=\"http:\/\/grzegorznieradka.pl\/wp-content\/uploads\/2024\/05\/zaproszenie-obchody-rocznicy-swieta-konstytucji-1.jpg\"><img decoding=\"async\" loading=\"lazy\" width=\"724\" height=\"1024\" src=\"http:\/\/grzegorznieradka.pl\/wp-content\/uploads\/2024\/05\/zaproszenie-obchody-rocznicy-swieta-konstytucji-1-724x1024.jpg\" alt=\"\" class=\"wp-image-3517\" srcset=\"https:\/\/grzegorznieradka.pl\/wp-content\/uploads\/2024\/05\/zaproszenie-obchody-rocznicy-swieta-konstytucji-1-724x1024.jpg 724w, https:\/\/grzegorznieradka.pl\/wp-content\/uploads\/2024\/05\/zaproszenie-obchody-rocznicy-swieta-konstytucji-1-212x300.jpg 212w, https:\/\/grzegorznieradka.pl\/wp-content\/uploads\/2024\/05\/zaproszenie-obchody-rocznicy-swieta-konstytucji-1-768x1086.jpg 768w, https:\/\/grzegorznieradka.pl\/wp-content\/uploads\/2024\/05\/zaproszenie-obchody-rocznicy-swieta-konstytucji-1-1086x1536.jpg 1086w, https:\/\/grzegorznieradka.pl\/wp-content\/uploads\/2024\/05\/zaproszenie-obchody-rocznicy-swieta-konstytucji-1.jpg 1131w\" sizes=\"(max-width: 724px) 100vw, 724px\" \/><\/a><\/figure>\n","protected":false},"excerpt":{"rendered":"<p>Zapraszamy mieszka\u0144c\u00f3w i go\u015bci do wsp\u00f3lnego \u015bwi\u0119towania 233. rocznicy uchwalenia Konstytucji 3 Maja Pami\u0119tajmy tak\u017ce o wywieszeniu flag pa\u0144stwowych Razem &#8230;<\/p>\n","protected":false},"author":2,"featured_media":3521,"comment_status":"closed","ping_status":"open","sticky":false,"template":"","format":"standard","meta":[],"categories":[1],"tags":[557,41,550,259,113,451,468,122,500,558],"_links":{"self":[{"href":"https:\/\/grzegorznieradka.pl\/index.php\/wp-json\/wp\/v2\/posts\/3515"}],"collection":[{"href":"https:\/\/grzegorznieradka.pl\/index.php\/wp-json\/wp\/v2\/posts"}],"about":[{"href":"https:\/\/grzegorznieradka.pl\/index.php\/wp-json\/wp\/v2\/types\/post"}],"author":[{"embeddable":true,"href":"https:\/\/grzegorznieradka.pl\/index.php\/wp-json\/wp\/v2\/users\/2"}],"replies":[{"embeddable":true,"href":"https:\/\/grzegorznieradka.pl\/index.php\/wp-json\/wp\/v2\/comments?post=3515"}],"version-history":[{"count":3,"href":"https:\/\/grzegorznieradka.pl\/index.php\/wp-json\/wp\/v2\/posts\/3515\/revisions"}],"predecessor-version":[{"id":3523,"href":"https:\/\/grzegorznieradka.pl\/index.php\/wp-json\/wp\/v2\/posts\/3515\/revisions\/3523"}],"wp:featuredmedia":[{"embeddable":true,"href":"https:\/\/grzegorznieradka.pl\/index.php\/wp-json\/wp\/v2\/media\/3521"}],"wp:attachment":[{"href":"https:\/\/grzegorznieradka.pl\/index.php\/wp-json\/wp\/v2\/media?parent=3515"}],"wp:term":[{"taxonomy":"category","embeddable":true,"href":"https:\/\/grzegorznieradka.pl\/index.php\/wp-json\/wp\/v2\/categories?post=3515"},{"taxonomy":"post_tag","embeddable":true,"href":"https:\/\/grzegorznieradka.pl\/index.php\/wp-json\/wp\/v2\/tags?post=3515"}],"curies":[{"name":"wp","href":"https:\/\/api.w.org\/{rel}","templated":true}]}}