{"id":904,"date":"2015-05-02T06:00:05","date_gmt":"2015-05-02T04:00:05","guid":{"rendered":"http:\/\/astrabit.com\/gn\/?p=904"},"modified":"2015-06-09T17:05:39","modified_gmt":"2015-06-09T15:05:39","slug":"wpis-3","status":"publish","type":"post","link":"https:\/\/grzegorznieradka.pl\/index.php\/2015\/05\/02\/wpis-3\/","title":{"rendered":"\u017byczenia dla Rodak\u00f3w z okazji Dnia Polonii i Polak\u00f3w za Granic\u0105"},"content":{"rendered":"<p style=\"text-align: justify;\"><strong><em>Szanowni Pa\u0144stwo! <\/em><\/strong><\/p>\n<p style=\"text-align: justify;\">Dzie\u0144 2 maja, na mocy ustawy z dnia 20 marca 2002 r., ustanowiony zosta\u0142 Dniem \u00a0Polonii i Polak\u00f3w za Granic\u0105. W ten spos\u00f3b Sejm Rzeczypospolitej Polskiej, \u00a0\u00a0z inicjatywy Senatu RP, wyrazi\u0142 uznanie dla wielowiekowego dorobku i wk\u0142adu Polonii i Polak\u00f3w za granic\u0105 w odzyskanie przez Polsk\u0119 niepodleg\u0142o\u015bci, wierno\u015b\u0107 i przywi\u0105zanie do polsko\u015bci oraz pomoc Ojczy\u017anie w najtrudniejszych momentach.<\/p>\n<p style=\"text-align: justify;\">Z tej okazji \u017cycz\u0119 Wam, drodzy Rodacy mieszkaj\u0105cy poza granicami Rzeczypospolitej, aby\u015bcie zawsze byli dumni ze swojej Ojczyzny. B\u0105d\u017acie\u00a0 ambasadorami Polski wsz\u0119dzie tam, gdzie przysz\u0142o Wam \u017cy\u0107.<\/p>\n<p style=\"text-align: justify;\">Szczeg\u00f3lne \u017cyczenia kieruj\u0119 do Zarz\u0105du oraz Cz\u0142onk\u00f3w Klubu Iwonicz w Chicago. Niech wi\u0119\u017a, kt\u00f3ra po\u0142\u0105czy\u0142a Was na emigracji pozwala nadal pomy\u015blnie podtrzymywa\u0107 i rozwija\u0107 nasz\u0105 opart\u0105 na chrze\u015bcija\u0144skich warto\u015bciach tradycj\u0119 i\u00a0kultur\u0119.<\/p>\n<p style=\"text-align: justify;\"><strong>Grzegorz Nieradka <\/strong><\/p>\n<p style=\"text-align: justify;\">Radny Rady Miejskiej w Iwoniczu-Zdroju<\/p>\n","protected":false},"excerpt":{"rendered":"<p>Szanowni Pa\u0144stwo! Dzie\u0144 2 maja, na mocy ustawy z dnia 20 marca 2002 r., ustanowiony zosta\u0142 Dniem \u00a0Polonii i Polak\u00f3w &#8230;<\/p>\n","protected":false},"author":1,"featured_media":960,"comment_status":"open","ping_status":"open","sticky":false,"template":"","format":"standard","meta":[],"categories":[73,71],"tags":[44,39,43],"_links":{"self":[{"href":"https:\/\/grzegorznieradka.pl\/index.php\/wp-json\/wp\/v2\/posts\/904"}],"collection":[{"href":"https:\/\/grzegorznieradka.pl\/index.php\/wp-json\/wp\/v2\/posts"}],"about":[{"href":"https:\/\/grzegorznieradka.pl\/index.php\/wp-json\/wp\/v2\/types\/post"}],"author":[{"embeddable":true,"href":"https:\/\/grzegorznieradka.pl\/index.php\/wp-json\/wp\/v2\/users\/1"}],"replies":[{"embeddable":true,"href":"https:\/\/grzegorznieradka.pl\/index.php\/wp-json\/wp\/v2\/comments?post=904"}],"version-history":[{"count":4,"href":"https:\/\/grzegorznieradka.pl\/index.php\/wp-json\/wp\/v2\/posts\/904\/revisions"}],"predecessor-version":[{"id":970,"href":"https:\/\/grzegorznieradka.pl\/index.php\/wp-json\/wp\/v2\/posts\/904\/revisions\/970"}],"wp:featuredmedia":[{"embeddable":true,"href":"https:\/\/grzegorznieradka.pl\/index.php\/wp-json\/wp\/v2\/media\/960"}],"wp:attachment":[{"href":"https:\/\/grzegorznieradka.pl\/index.php\/wp-json\/wp\/v2\/media?parent=904"}],"wp:term":[{"taxonomy":"category","embeddable":true,"href":"https:\/\/grzegorznieradka.pl\/index.php\/wp-json\/wp\/v2\/categories?post=904"},{"taxonomy":"post_tag","embeddable":true,"href":"https:\/\/grzegorznieradka.pl\/index.php\/wp-json\/wp\/v2\/tags?post=904"}],"curies":[{"name":"wp","href":"https:\/\/api.w.org\/{rel}","templated":true}]}}