{"id":179,"count":1,"description":"","link":"https:\/\/grzegorznieradka.pl\/index.php\/tag\/koncertem-fortecy-krosno-uczcilo-pamiec-bohaterow-powstania-warszawskiego\/","name":"Koncertem \u201eFortecy\u201d Krosno uczci\u0142o pami\u0119\u0107 Bohater\u00f3w Powstania Warszawskiego","slug":"koncertem-fortecy-krosno-uczcilo-pamiec-bohaterow-powstania-warszawskiego","taxonomy":"post_tag","meta":[],"_links":{"self":[{"href":"https:\/\/grzegorznieradka.pl\/index.php\/wp-json\/wp\/v2\/tags\/179"}],"collection":[{"href":"https:\/\/grzegorznieradka.pl\/index.php\/wp-json\/wp\/v2\/tags"}],"about":[{"href":"https:\/\/grzegorznieradka.pl\/index.php\/wp-json\/wp\/v2\/taxonomies\/post_tag"}],"wp:post_type":[{"href":"https:\/\/grzegorznieradka.pl\/index.php\/wp-json\/wp\/v2\/posts?tags=179"}],"curies":[{"name":"wp","href":"https:\/\/api.w.org\/{rel}","templated":true}]}}