{"id":290,"count":1,"description":"","link":"https:\/\/grzegorznieradka.pl\/index.php\/tag\/radni-i-mieszkancy-iwonicza-oddali-hold-ofiarom-zbrodni-katynskiej-i-tragedii-smolenskiej\/","name":"Radni i mieszka\u0144cy Iwonicza oddali ho\u0142d Ofiarom Zbrodni Katy\u0144skiej i Tragedii Smole\u0144skiej","slug":"radni-i-mieszkancy-iwonicza-oddali-hold-ofiarom-zbrodni-katynskiej-i-tragedii-smolenskiej","taxonomy":"post_tag","meta":[],"_links":{"self":[{"href":"https:\/\/grzegorznieradka.pl\/index.php\/wp-json\/wp\/v2\/tags\/290"}],"collection":[{"href":"https:\/\/grzegorznieradka.pl\/index.php\/wp-json\/wp\/v2\/tags"}],"about":[{"href":"https:\/\/grzegorznieradka.pl\/index.php\/wp-json\/wp\/v2\/taxonomies\/post_tag"}],"wp:post_type":[{"href":"https:\/\/grzegorznieradka.pl\/index.php\/wp-json\/wp\/v2\/posts?tags=290"}],"curies":[{"name":"wp","href":"https:\/\/api.w.org\/{rel}","templated":true}]}}