{"id":292,"count":1,"description":"","link":"https:\/\/grzegorznieradka.pl\/index.php\/tag\/powiatowe-obchody-76-rocznicy-zbrodni-katynskiej-i-6-rocznicy-tragedii-smolenskiej-w-krosnie\/","name":"Powiatowe obchody 76. rocznicy Zbrodni Katy\u0144skiej i 6. rocznicy Tragedii Smole\u0144skiej w Kro\u015bnie","slug":"powiatowe-obchody-76-rocznicy-zbrodni-katynskiej-i-6-rocznicy-tragedii-smolenskiej-w-krosnie","taxonomy":"post_tag","meta":[],"_links":{"self":[{"href":"https:\/\/grzegorznieradka.pl\/index.php\/wp-json\/wp\/v2\/tags\/292"}],"collection":[{"href":"https:\/\/grzegorznieradka.pl\/index.php\/wp-json\/wp\/v2\/tags"}],"about":[{"href":"https:\/\/grzegorznieradka.pl\/index.php\/wp-json\/wp\/v2\/taxonomies\/post_tag"}],"wp:post_type":[{"href":"https:\/\/grzegorznieradka.pl\/index.php\/wp-json\/wp\/v2\/posts?tags=292"}],"curies":[{"name":"wp","href":"https:\/\/api.w.org\/{rel}","templated":true}]}}