{"id":336,"count":1,"description":"","link":"https:\/\/grzegorznieradka.pl\/index.php\/tag\/pokoj-i-dobro-pod-takim-haslem-orszak-trzech-kroli-po-raz-trzeci-przeszedl-ulicami-iwonicza\/","name":"\u201ePok\u00f3j i Dobro\u201d. Pod takim has\u0142em Orszak Trzech Kr\u00f3li po raz trzeci przeszed\u0142 ulicami Iwonicza","slug":"pokoj-i-dobro-pod-takim-haslem-orszak-trzech-kroli-po-raz-trzeci-przeszedl-ulicami-iwonicza","taxonomy":"post_tag","meta":[],"_links":{"self":[{"href":"https:\/\/grzegorznieradka.pl\/index.php\/wp-json\/wp\/v2\/tags\/336"}],"collection":[{"href":"https:\/\/grzegorznieradka.pl\/index.php\/wp-json\/wp\/v2\/tags"}],"about":[{"href":"https:\/\/grzegorznieradka.pl\/index.php\/wp-json\/wp\/v2\/taxonomies\/post_tag"}],"wp:post_type":[{"href":"https:\/\/grzegorznieradka.pl\/index.php\/wp-json\/wp\/v2\/posts?tags=336"}],"curies":[{"name":"wp","href":"https:\/\/api.w.org\/{rel}","templated":true}]}}