{"id":44,"count":1,"description":"","link":"https:\/\/grzegorznieradka.pl\/index.php\/tag\/dzien-polonii-i-polakow-za-granica\/","name":"Dzie\u0144 Polonii i Polak\u00f3w za Granic\u0105","slug":"dzien-polonii-i-polakow-za-granica","taxonomy":"post_tag","meta":[],"_links":{"self":[{"href":"https:\/\/grzegorznieradka.pl\/index.php\/wp-json\/wp\/v2\/tags\/44"}],"collection":[{"href":"https:\/\/grzegorznieradka.pl\/index.php\/wp-json\/wp\/v2\/tags"}],"about":[{"href":"https:\/\/grzegorznieradka.pl\/index.php\/wp-json\/wp\/v2\/taxonomies\/post_tag"}],"wp:post_type":[{"href":"https:\/\/grzegorznieradka.pl\/index.php\/wp-json\/wp\/v2\/posts?tags=44"}],"curies":[{"name":"wp","href":"https:\/\/api.w.org\/{rel}","templated":true}]}}